{"id":7253,"date":"2024-10-24T11:17:00","date_gmt":"2024-10-24T10:17:00","guid":{"rendered":"https:\/\/www.rldatix.com\/se\/?p=7253"},"modified":"2026-04-23T12:20:43","modified_gmt":"2026-04-23T11:20:43","slug":"kundcase-perstorps-kommun","status":"publish","type":"post","link":"https:\/\/www.rldatix.com\/se\/resources\/kundcase-perstorps-kommun\/","title":{"rendered":"Schemal\u00e4ggning i socialf\u00f6rvaltningen i Perstorps Kommun"},"content":{"rendered":"\n<p><strong>Perstorps kommun satsar p\u00e5 att omstrukturera schemal\u00e4ggningen f\u00f6r att f\u00f6rb\u00e4ttra resursanv\u00e4ndningen. <\/strong><\/p>\n\n\n\n<p><strong>Med hj\u00e4lp av fokus p\u00e5 individens behov, f\u00f6rb\u00e4ttrad bemanningsekonomi och h\u00e5llbara scheman, ser kommunen fram emot en framtid med \u00f6kad trygghet och effektivitet<\/strong><\/p>\n\n\n\n<div style=\"height:25px\" aria-hidden=\"true\" class=\"wp-block-spacer\"><\/div>\n\n\n\n<p><strong>Bemanningshandbok<\/strong><\/p>\n\n\n\n<p>En personalhandbok har tagits fram f\u00f6r att underl\u00e4tta och s\u00e4kerst\u00e4lla att det ska vara \u201denkelt att g\u00f6ra r\u00e4tt&#8221;<\/p>\n\n\n\n<p><strong>Systemst\u00f6det<\/strong><\/p>\n\n\n\n<p>Med hj\u00e4lp av systemen ser de till att de dagliga och veckovisa viloperioderna f\u00f6ljs och att de anst\u00e4llda f\u00e5r den vila de beh\u00f6ver<\/p>\n\n\n\n<p><strong>\u00c5rsarbetare<\/strong><\/p>\n\n\n\n<p>I augusti 2024 anv\u00e4nde Socialf\u00f6rvaltningen 10,4 f\u00e4rre\u00e5rsarbetare j\u00e4mf\u00f6rt med samma m\u00e5nad 2023<\/p>\n\n\n\n<p><strong>Samarbete<\/strong><\/p>\n\n\n\n<p>Genom att arbeta med ett helikopterperspektiv och gr\u00e4ns\u00f6verskridande samarbete inom v\u00e5rd- och omsorgssektorn, str\u00e4var kommunen efter att optimera resursanv\u00e4ndningen<\/p>\n\n\n\n<blockquote class=\"wp-block-quote is-layout-flow wp-block-quote-is-layout-flow\">\n<p>\u201cMed v\u00e4l planerade arbetsscheman har vi minskat \u00f6vertiden med 78%\u201d<\/p>\n<cite>Malin \u00c5berg<br>Schemastrateg, Perstorps kommun<\/cite><\/blockquote>\n\n\n\n<h2 class=\"wp-block-heading\">Utmaningen<\/h2>\n\n\n\n<p>N\u00e4r Lena Svensson b\u00f6rjade sin roll i november 2023, blev det uppenbart att hon stod inf\u00f6r en rad utmaningar.<\/p>\n\n\n\n<p><br>Fr\u00e5n b\u00f6rjan identifierades flera problemomr\u00e5den, inklusive felbyggda aktiviteter och felaktiga saldon.<br>En s\u00e4rskilt besv\u00e4rlig fr\u00e5ga var att felaktiga l\u00f6ner hade betalats ut sedan sommaren, vilket ledde till en omfattande och tidskr\u00e4vande korrigering.<\/p>\n\n\n\n<p><br>Under de f\u00f6rsta m\u00e5naderna blev det ocks\u00e5 tydligt att timanst\u00e4llda hade arbetat hela 5 700 timmar i november och att ordinarie personal inte arbetade sin tj\u00e4nstetid.<br>Trots dessa utmaningar har de p\u00e5 kort tid lyckats g\u00f6ra betydande f\u00f6rb\u00e4ttringar. Under drygt tre m\u00e5nader minskade anv\u00e4ndandet av timanst\u00e4llda med cirka 1 900 timmar. <\/p>\n\n\n\n<p>En viktig del av denna f\u00f6r\u00e4ndring var att anst\u00e4lla Malin \u00c5berg som schemastrateg och som b\u00f6rjade 1 april i \u00e5r f\u00f6r att effektivisera schemal\u00e4ggningen. <\/p>\n\n\n\n<p>Tidigare hade medarbetare varit vana vid att sj\u00e4lva styra sina arbetsscheman utifr\u00e5n personliga behov snarare \u00e4n verksamhetens krav. Detta ledde till att de ofta var tvungna att anv\u00e4nda timvikarier f\u00f6r att t\u00e4cka upp.<br><br>Det har utan tvekan varit en utmaning att inf\u00f6ra ett nytt arbetss\u00e4tt g\u00e4llande schemaprocessen, b\u00e5de f\u00f6r chefer och medarbetare. Under denna process har det varit viktigt med kontinuerliga dialoger. Det har d\u00e4rf\u00f6r skapats schemagrupper, d\u00e4r medarbetare, enhetschef och schemastrateg deltagit. Det har \u00e4ven uppr\u00e4ttats en bemanningshandbok i samverkan f\u00f6r att underl\u00e4tta och att det ska \u201dvara l\u00e4tt att g\u00f6ra r\u00e4tt\u201d <\/p>\n\n\n\n<p>Med hj\u00e4lp av systemen s\u00e4kerst\u00e4ller dem att de f\u00f6ljer dygns- och veckovila och att medarbetarna f\u00e5r sin \u00e5terh\u00e4mtning.<br>Genom att nyttja resurserna effektivt \u00f6kar de ordinarie personals syssels\u00e4ttningsgrad p\u00e5 ett effektivt s\u00e4tt som skapar b\u00e4ttre kontinuitet och trygghet f\u00f6r brukarna. <\/p>\n\n\n\n<p>Man kan ocks\u00e5 se en stor positiv skillnad i b\u00e5de kort- och l\u00e5ngtidsfr\u00e5nvaron p\u00e5 arbetsplatserna.<\/p>\n\n\n\n<p><br>Nu med den erfarenhet och de f\u00f6rb\u00e4ttringar som de har genomf\u00f6rt, k\u00e4nner de sig v\u00e4l f\u00f6rberedda f\u00f6r att forts\u00e4tta utveckla och optimera verksamheten fram\u00f6ver<\/p>\n\n\n\n<div style=\"height:25px\" aria-hidden=\"true\" class=\"wp-block-spacer\"><\/div>\n\n\n\n<h2 class=\"wp-block-heading\">L\u00f6sningen<\/h2>\n\n\n\n<p>I Perstorps kommun \u00e4r n\u00e4ra samarbete en nyckel till framg\u00e5ng. De har en stark relation i alla led, vilket \u00e4r en stor f\u00f6rdel f\u00f6r verksamheten.<\/p>\n\n\n\n<p> Att arbeta i en mindre kommun har sina unika f\u00f6rdelar, inte minst den direkta tillg\u00e5ngen till alla professioner. <\/p>\n\n\n\n<p>Med regelbundna uppf\u00f6ljningsm\u00f6ten varje m\u00e5nad, g\u00e5r de igenom aktuella \u00e4renden och planerar fram\u00e5t. Denna n\u00e4rhet g\u00f6r att de kan agera snabbt och effektivt, och det bidrar till en smidigare arbetsprocess.<\/p>\n\n\n\n<div style=\"height:25px\" aria-hidden=\"true\" class=\"wp-block-spacer\"><\/div>\n\n\n\n<h2 class=\"wp-block-heading\">Resultatet<\/h2>\n\n\n\n<p>Med v\u00e4l planerade arbetsschema har de minskat \u00f6vertiden med 78%. Augusti &#8211; 2023 anv\u00e4ndes \u00f6vertid motsvarande 3,3 \u00e5rsarbetare, i augusti &#8211; 2024 anv\u00e4ndes 0,8 \u00e5rsarbetare. <\/p>\n\n\n\n<p>I augusti 2024 anv\u00e4nde Socialf\u00f6rvaltningen 10,4 f\u00e4rre \u00e5rsarbetare i j\u00e4mf\u00f6rt med samma m\u00e5nad 2023. 0 timmar resurstid var bokat 2023 och hittills i \u00e5r har de anv\u00e4nt 306 timmar till att t\u00e4cka oplanerad fr\u00e5nvaro.<\/p>\n\n\n\n<div style=\"height:25px\" aria-hidden=\"true\" class=\"wp-block-spacer\"><\/div>\n\n\n\n<h2 class=\"wp-block-heading\">Hur ser arbetet ut fram\u00e5t<\/h2>\n\n\n\n<p>Perstorps kommun har lagt fram en plan som s\u00e4tter individens behov i centrum. Detta inneb\u00e4r att schemat kommer att l\u00e4ggas utifr\u00e5n brukarnas behov och v\u00e5rdtyngd, f\u00f6r att s\u00e4kerst\u00e4lla att resurserna anv\u00e4nds effektivt d\u00e4r de mest beh\u00f6vs.<\/p>\n\n\n\n<p>M\u00e5let \u00e4r att skapa b\u00e4ttre scheman p\u00e5 alla enheter som ger en stabil grund. Detta leder till sidoeffekter som exempelvis ett h\u00f6gre uttag av semesterdagar, minskad sjukfr\u00e5nvaro och minskat anv\u00e4ndande av vikarier, \u00f6vertid och fyllnadstid.<\/p>\n\n\n\n<p>Det kommer att ske en aktiv uppf\u00f6ljning av hur timmarna anv\u00e4nds genom det f\u00e4rdiga schemat. Genom att arbeta med ett helikopterperspektiv och gr\u00e4ns\u00f6verskridande samarbete inom v\u00e5rd- och omsorgssektorn, str\u00e4var kommunen efter att optimera resursanv\u00e4ndningen.<\/p>\n\n\n\n<p>F\u00f6r att s\u00e4kerst\u00e4lla att alla beslut baseras p\u00e5 korrekt och aktuell information, kommer kontinuerlig statistik att tas fram p\u00e5 flera viktiga omr\u00e5den. Dessa inkluderar v\u00e5rdtyngd, bokade pass, bemanningskrav, arbetade timmar och anv\u00e4ndning av resurstimmar.<\/p>\n\n\n\n<div style=\"height:25px\" aria-hidden=\"true\" class=\"wp-block-spacer\"><\/div>\n\n\n\n<h2 class=\"wp-block-heading\">Sammanfattning<\/h2>\n\n\n\n<p>Perstorps kommun satsar p\u00e5 att omstrukturera schemal\u00e4ggningen, och f\u00f6rb\u00e4ttra resursanv\u00e4ndningen. Det \u00e4r ett omfattande projekt som syftar till att skapa en mer effektiv och medarbetarv\u00e4nlig arbetsmilj\u00f6. Genom att fokusera p\u00e5 individens behov, f\u00f6rb\u00e4ttra bemanningsekonomin och skapa h\u00e5llbara scheman, ser kommunen fram emot en framtid med \u00f6kad trygghet och effektivitet inom v\u00e5rd- och omsorgssektorn.<\/p>\n\n\n\n<blockquote class=\"wp-block-quote is-layout-flow wp-block-quote-is-layout-flow\">\n<p>\u201cI en mindre kommun som Perstorp \u00e4r det l\u00e4ttare att uppr\u00e4tth\u00e5lla en t\u00e4t och personlig kontakt mellan alla inblandade parter\u201d<\/p>\n<\/blockquote>\n\n\n\n<div class=\"wp-block-buttons is-layout-flex wp-block-buttons-is-layout-flex\">\n<div class=\"wp-block-button\"><a class=\"wp-block-button__link wp-element-button\" href=\"https:\/\/www.rldatix.com\/se\/wp-content\/uploads\/sites\/9\/2026\/04\/Perstorps-kommun-Schemalaggning-i-socialforvaltningen.pdf\" target=\"_blank\" rel=\"noreferrer noopener\">Ladda ner kundcase<\/a><\/div>\n<\/div>\n\n\n\n<p><\/p>\n","protected":false},"excerpt":{"rendered":"<p>Perstorps kommun satsar p\u00e5 att omstrukturera schemal\u00e4ggningen f\u00f6r att f\u00f6rb\u00e4ttra resursanv\u00e4ndningen. Med hj\u00e4lp av fokus&#8230;<\/p>\n","protected":false},"author":10,"featured_media":8308,"comment_status":"closed","ping_status":"closed","sticky":false,"template":"","format":"standard","meta":{"_acf_changed":false,"inline_featured_image":false,"footnotes":""},"categories":[250],"tags":[],"class_list":["post-7253","post","type-post","status-publish","format-standard","has-post-thumbnail","hentry","category-kundcase","primary-category-kundcase"],"acf":[],"yoast_head":"<!-- This site is optimized with the Yoast SEO plugin v25.5 - https:\/\/yoast.com\/wordpress\/plugins\/seo\/ -->\n<title>Schemal\u00e4ggning i socialf\u00f6rvaltningen i Perstorps Kommun | Sweden<\/title>\n<meta name=\"description\" content=\"V\u00e5rdresurser fr\u00e5n RLDatix: Schemal\u00e4ggning i socialf\u00f6rvaltningen i Perstorps Kommun. Insikter, v\u00e4gledning och b\u00e4sta praxis f\u00f6r patients\u00e4kerhet och verksamhetsf\u00f6rb\u00e4ttring.\" \/>\n<meta name=\"robots\" content=\"index, follow, max-snippet:-1, max-image-preview:large, max-video-preview:-1\" \/>\n<link rel=\"canonical\" href=\"https:\/\/www.rldatix.com\/se\/resources\/kundcase-perstorps-kommun\/\" \/>\n<meta property=\"og:locale\" content=\"sv_SE\" \/>\n<meta property=\"og:type\" content=\"article\" \/>\n<meta property=\"og:title\" content=\"Schemal\u00e4ggning i socialf\u00f6rvaltningen i Perstorps Kommun | Sweden\" \/>\n<meta property=\"og:description\" content=\"V\u00e5rdresurser fr\u00e5n RLDatix: Schemal\u00e4ggning i socialf\u00f6rvaltningen i Perstorps Kommun. Insikter, v\u00e4gledning och b\u00e4sta praxis f\u00f6r patients\u00e4kerhet och verksamhetsf\u00f6rb\u00e4ttring.\" \/>\n<meta property=\"og:url\" content=\"https:\/\/www.rldatix.com\/se\/resources\/kundcase-perstorps-kommun\/\" \/>\n<meta property=\"og:site_name\" content=\"Sweden\" \/>\n<meta property=\"article:published_time\" content=\"2024-10-24T10:17:00+00:00\" \/>\n<meta property=\"article:modified_time\" content=\"2026-04-23T11:20:43+00:00\" \/>\n<meta property=\"og:image\" content=\"https:\/\/www.rldatix.com\/se\/wp-content\/uploads\/sites\/9\/2026\/04\/Perstorp.png\" \/>\n\t<meta property=\"og:image:width\" content=\"1080\" \/>\n\t<meta property=\"og:image:height\" content=\"800\" \/>\n\t<meta property=\"og:image:type\" content=\"image\/png\" \/>\n<meta name=\"author\" content=\"Thomas Jackson\" \/>\n<meta name=\"twitter:card\" content=\"summary_large_image\" \/>\n<meta name=\"twitter:label1\" content=\"Written by\" \/>\n\t<meta name=\"twitter:data1\" content=\"Thomas Jackson\" \/>\n\t<meta name=\"twitter:label2\" content=\"Est. reading time\" \/>\n\t<meta name=\"twitter:data2\" content=\"4 minuter\" \/>\n<script type=\"application\/ld+json\" class=\"yoast-schema-graph\">{\"@context\":\"https:\/\/schema.org\",\"@graph\":[{\"@type\":\"Article\",\"@id\":\"https:\/\/www.rldatix.com\/se\/resources\/kundcase-perstorps-kommun\/#article\",\"isPartOf\":{\"@id\":\"https:\/\/www.rldatix.com\/se\/resources\/kundcase-perstorps-kommun\/\"},\"author\":{\"name\":\"Thomas Jackson\",\"@id\":\"https:\/\/www.rldatix.com\/se\/#\/schema\/person\/e79a54c38bf2fc7c42a9d1e5da29e30a\"},\"headline\":\"Schemal\u00e4ggning i socialf\u00f6rvaltningen i Perstorps Kommun\",\"datePublished\":\"2024-10-24T10:17:00+00:00\",\"dateModified\":\"2026-04-23T11:20:43+00:00\",\"mainEntityOfPage\":{\"@id\":\"https:\/\/www.rldatix.com\/se\/resources\/kundcase-perstorps-kommun\/\"},\"wordCount\":937,\"publisher\":{\"@id\":\"https:\/\/www.rldatix.com\/se\/#organization\"},\"image\":{\"@id\":\"https:\/\/www.rldatix.com\/se\/resources\/kundcase-perstorps-kommun\/#primaryimage\"},\"thumbnailUrl\":\"https:\/\/www.rldatix.com\/se\/wp-content\/uploads\/sites\/9\/2026\/04\/Perstorp.png\",\"articleSection\":[\"Kundcase\"],\"inLanguage\":\"sv-SE\"},{\"@type\":\"WebPage\",\"@id\":\"https:\/\/www.rldatix.com\/se\/resources\/kundcase-perstorps-kommun\/\",\"url\":\"https:\/\/www.rldatix.com\/se\/resources\/kundcase-perstorps-kommun\/\",\"name\":\"Schemal\u00e4ggning i socialf\u00f6rvaltningen i Perstorps Kommun | Sweden\",\"isPartOf\":{\"@id\":\"https:\/\/www.rldatix.com\/se\/#website\"},\"primaryImageOfPage\":{\"@id\":\"https:\/\/www.rldatix.com\/se\/resources\/kundcase-perstorps-kommun\/#primaryimage\"},\"image\":{\"@id\":\"https:\/\/www.rldatix.com\/se\/resources\/kundcase-perstorps-kommun\/#primaryimage\"},\"thumbnailUrl\":\"https:\/\/www.rldatix.com\/se\/wp-content\/uploads\/sites\/9\/2026\/04\/Perstorp.png\",\"datePublished\":\"2024-10-24T10:17:00+00:00\",\"dateModified\":\"2026-04-23T11:20:43+00:00\",\"description\":\"V\u00e5rdresurser fr\u00e5n RLDatix: Schemal\u00e4ggning i socialf\u00f6rvaltningen i Perstorps Kommun. Insikter, v\u00e4gledning och b\u00e4sta praxis f\u00f6r patients\u00e4kerhet och verksamhetsf\u00f6rb\u00e4ttring.\",\"breadcrumb\":{\"@id\":\"https:\/\/www.rldatix.com\/se\/resources\/kundcase-perstorps-kommun\/#breadcrumb\"},\"inLanguage\":\"sv-SE\",\"potentialAction\":[{\"@type\":\"ReadAction\",\"target\":[\"https:\/\/www.rldatix.com\/se\/resources\/kundcase-perstorps-kommun\/\"]}],\"about\":{\"@id\":\"https:\/\/www.rldatix.com\/se\/#organization\"}},{\"@type\":\"ImageObject\",\"inLanguage\":\"sv-SE\",\"@id\":\"https:\/\/www.rldatix.com\/se\/resources\/kundcase-perstorps-kommun\/#primaryimage\",\"url\":\"https:\/\/www.rldatix.com\/se\/wp-content\/uploads\/sites\/9\/2026\/04\/Perstorp.png\",\"contentUrl\":\"https:\/\/www.rldatix.com\/se\/wp-content\/uploads\/sites\/9\/2026\/04\/Perstorp.png\",\"width\":1080,\"height\":800},{\"@type\":\"BreadcrumbList\",\"@id\":\"https:\/\/www.rldatix.com\/se\/resources\/kundcase-perstorps-kommun\/#breadcrumb\",\"itemListElement\":[{\"@type\":\"ListItem\",\"position\":1,\"name\":\"RLDatix \u2013 Sweden\",\"item\":\"https:\/\/www.rldatix.com\/se\/\"},{\"@type\":\"ListItem\",\"position\":2,\"name\":\"Schemal\u00e4ggning i socialf\u00f6rvaltningen i Perstorps Kommun\"}]},{\"@type\":\"WebSite\",\"@id\":\"https:\/\/www.rldatix.com\/se\/#website\",\"url\":\"https:\/\/www.rldatix.com\/se\/\",\"name\":\"RLDatix \u2013 Sweden\",\"description\":\"RLDatix, the real life decisions software solutions driving health in healthcare, helping organise, reduce harm, improve safety and strengthen patient and staff outcomes through systemwide decision making\",\"publisher\":{\"@id\":\"https:\/\/www.rldatix.com\/se\/#organization\"},\"potentialAction\":[{\"@type\":\"SearchAction\",\"target\":{\"@type\":\"EntryPoint\",\"urlTemplate\":\"https:\/\/www.rldatix.com\/se\/?s={search_term_string}\"},\"query-input\":{\"@type\":\"PropertyValueSpecification\",\"valueRequired\":true,\"valueName\":\"search_term_string\"}}],\"inLanguage\":\"sv-SE\"},{\"@type\":\"Organization\",\"@id\":\"https:\/\/www.rldatix.com\/se\/#organization\",\"name\":\"RLDatix \u2013 Sweden\",\"url\":\"https:\/\/www.rldatix.com\/se\/\",\"logo\":{\"@type\":\"ImageObject\",\"inLanguage\":\"sv-SE\",\"@id\":\"https:\/\/www.rldatix.com\/se\/#\/schema\/logo\/image\/\",\"url\":\"https:\/\/www.rldatix.com\/se\/wp-content\/uploads\/sites\/9\/2024\/08\/logo-dark.svg\",\"contentUrl\":\"https:\/\/www.rldatix.com\/se\/wp-content\/uploads\/sites\/9\/2024\/08\/logo-dark.svg\",\"caption\":\"RLDatix \u2013 Sweden\"},\"image\":{\"@id\":\"https:\/\/www.rldatix.com\/se\/#\/schema\/logo\/image\/\"},\"sameAs\":[\"https:\/\/www.linkedin.com\/company\/rldatix-ab\/\"],\"areaServed\":\"Worldwide\",\"parentOrganization\":{\"@id\":\"https:\/\/www.rldatix.com\/#organization\"}},{\"@type\":\"Person\",\"@id\":\"https:\/\/www.rldatix.com\/se\/#\/schema\/person\/e79a54c38bf2fc7c42a9d1e5da29e30a\",\"name\":\"Thomas Jackson\",\"image\":{\"@type\":\"ImageObject\",\"inLanguage\":\"sv-SE\",\"@id\":\"https:\/\/www.rldatix.com\/se\/#\/schema\/person\/image\/\",\"url\":\"https:\/\/secure.gravatar.com\/avatar\/7e8a68cfe6db9e3425020f0860733b81e9d61a3d29c41dfa02f3b7ea6c1927c1?s=96&d=mm&r=g\",\"contentUrl\":\"https:\/\/secure.gravatar.com\/avatar\/7e8a68cfe6db9e3425020f0860733b81e9d61a3d29c41dfa02f3b7ea6c1927c1?s=96&d=mm&r=g\",\"caption\":\"Thomas Jackson\"}},{\"@type\":\"Organization\",\"@id\":\"https:\/\/www.rldatix.com\/#organization\",\"name\":\"RLDatix\",\"url\":\"https:\/\/www.rldatix.com\/\"}]}<\/script>\n<!-- \/ Yoast SEO plugin. -->","yoast_head_json":{"title":"Schemal\u00e4ggning i socialf\u00f6rvaltningen i Perstorps Kommun | Sweden","description":"V\u00e5rdresurser fr\u00e5n RLDatix: Schemal\u00e4ggning i socialf\u00f6rvaltningen i Perstorps Kommun. Insikter, v\u00e4gledning och b\u00e4sta praxis f\u00f6r patients\u00e4kerhet och verksamhetsf\u00f6rb\u00e4ttring.","robots":{"index":"index","follow":"follow","max-snippet":"max-snippet:-1","max-image-preview":"max-image-preview:large","max-video-preview":"max-video-preview:-1"},"canonical":"https:\/\/www.rldatix.com\/se\/resources\/kundcase-perstorps-kommun\/","og_locale":"sv_SE","og_type":"article","og_title":"Schemal\u00e4ggning i socialf\u00f6rvaltningen i Perstorps Kommun | Sweden","og_description":"V\u00e5rdresurser fr\u00e5n RLDatix: Schemal\u00e4ggning i socialf\u00f6rvaltningen i Perstorps Kommun. Insikter, v\u00e4gledning och b\u00e4sta praxis f\u00f6r patients\u00e4kerhet och verksamhetsf\u00f6rb\u00e4ttring.","og_url":"https:\/\/www.rldatix.com\/se\/resources\/kundcase-perstorps-kommun\/","og_site_name":"Sweden","article_published_time":"2024-10-24T10:17:00+00:00","article_modified_time":"2026-04-23T11:20:43+00:00","og_image":[{"width":1080,"height":800,"url":"https:\/\/www.rldatix.com\/se\/wp-content\/uploads\/sites\/9\/2026\/04\/Perstorp.png","type":"image\/png"}],"author":"Thomas Jackson","twitter_card":"summary_large_image","twitter_misc":{"Written by":"Thomas Jackson","Est. reading time":"4 minuter"},"schema":{"@context":"https:\/\/schema.org","@graph":[{"@type":"Article","@id":"https:\/\/www.rldatix.com\/se\/resources\/kundcase-perstorps-kommun\/#article","isPartOf":{"@id":"https:\/\/www.rldatix.com\/se\/resources\/kundcase-perstorps-kommun\/"},"author":{"name":"Thomas Jackson","@id":"https:\/\/www.rldatix.com\/se\/#\/schema\/person\/e79a54c38bf2fc7c42a9d1e5da29e30a"},"headline":"Schemal\u00e4ggning i socialf\u00f6rvaltningen i Perstorps Kommun","datePublished":"2024-10-24T10:17:00+00:00","dateModified":"2026-04-23T11:20:43+00:00","mainEntityOfPage":{"@id":"https:\/\/www.rldatix.com\/se\/resources\/kundcase-perstorps-kommun\/"},"wordCount":937,"publisher":{"@id":"https:\/\/www.rldatix.com\/se\/#organization"},"image":{"@id":"https:\/\/www.rldatix.com\/se\/resources\/kundcase-perstorps-kommun\/#primaryimage"},"thumbnailUrl":"https:\/\/www.rldatix.com\/se\/wp-content\/uploads\/sites\/9\/2026\/04\/Perstorp.png","articleSection":["Kundcase"],"inLanguage":"sv-SE"},{"@type":"WebPage","@id":"https:\/\/www.rldatix.com\/se\/resources\/kundcase-perstorps-kommun\/","url":"https:\/\/www.rldatix.com\/se\/resources\/kundcase-perstorps-kommun\/","name":"Schemal\u00e4ggning i socialf\u00f6rvaltningen i Perstorps Kommun | Sweden","isPartOf":{"@id":"https:\/\/www.rldatix.com\/se\/#website"},"primaryImageOfPage":{"@id":"https:\/\/www.rldatix.com\/se\/resources\/kundcase-perstorps-kommun\/#primaryimage"},"image":{"@id":"https:\/\/www.rldatix.com\/se\/resources\/kundcase-perstorps-kommun\/#primaryimage"},"thumbnailUrl":"https:\/\/www.rldatix.com\/se\/wp-content\/uploads\/sites\/9\/2026\/04\/Perstorp.png","datePublished":"2024-10-24T10:17:00+00:00","dateModified":"2026-04-23T11:20:43+00:00","description":"V\u00e5rdresurser fr\u00e5n RLDatix: Schemal\u00e4ggning i socialf\u00f6rvaltningen i Perstorps Kommun. Insikter, v\u00e4gledning och b\u00e4sta praxis f\u00f6r patients\u00e4kerhet och verksamhetsf\u00f6rb\u00e4ttring.","breadcrumb":{"@id":"https:\/\/www.rldatix.com\/se\/resources\/kundcase-perstorps-kommun\/#breadcrumb"},"inLanguage":"sv-SE","potentialAction":[{"@type":"ReadAction","target":["https:\/\/www.rldatix.com\/se\/resources\/kundcase-perstorps-kommun\/"]}],"about":{"@id":"https:\/\/www.rldatix.com\/se\/#organization"}},{"@type":"ImageObject","inLanguage":"sv-SE","@id":"https:\/\/www.rldatix.com\/se\/resources\/kundcase-perstorps-kommun\/#primaryimage","url":"https:\/\/www.rldatix.com\/se\/wp-content\/uploads\/sites\/9\/2026\/04\/Perstorp.png","contentUrl":"https:\/\/www.rldatix.com\/se\/wp-content\/uploads\/sites\/9\/2026\/04\/Perstorp.png","width":1080,"height":800},{"@type":"BreadcrumbList","@id":"https:\/\/www.rldatix.com\/se\/resources\/kundcase-perstorps-kommun\/#breadcrumb","itemListElement":[{"@type":"ListItem","position":1,"name":"RLDatix \u2013 Sweden","item":"https:\/\/www.rldatix.com\/se\/"},{"@type":"ListItem","position":2,"name":"Schemal\u00e4ggning i socialf\u00f6rvaltningen i Perstorps Kommun"}]},{"@type":"WebSite","@id":"https:\/\/www.rldatix.com\/se\/#website","url":"https:\/\/www.rldatix.com\/se\/","name":"RLDatix \u2013 Sweden","description":"RLDatix, the real life decisions software solutions driving health in healthcare, helping organise, reduce harm, improve safety and strengthen patient and staff outcomes through systemwide decision making","publisher":{"@id":"https:\/\/www.rldatix.com\/se\/#organization"},"potentialAction":[{"@type":"SearchAction","target":{"@type":"EntryPoint","urlTemplate":"https:\/\/www.rldatix.com\/se\/?s={search_term_string}"},"query-input":{"@type":"PropertyValueSpecification","valueRequired":true,"valueName":"search_term_string"}}],"inLanguage":"sv-SE"},{"@type":"Organization","@id":"https:\/\/www.rldatix.com\/se\/#organization","name":"RLDatix \u2013 Sweden","url":"https:\/\/www.rldatix.com\/se\/","logo":{"@type":"ImageObject","inLanguage":"sv-SE","@id":"https:\/\/www.rldatix.com\/se\/#\/schema\/logo\/image\/","url":"https:\/\/www.rldatix.com\/se\/wp-content\/uploads\/sites\/9\/2024\/08\/logo-dark.svg","contentUrl":"https:\/\/www.rldatix.com\/se\/wp-content\/uploads\/sites\/9\/2024\/08\/logo-dark.svg","caption":"RLDatix \u2013 Sweden"},"image":{"@id":"https:\/\/www.rldatix.com\/se\/#\/schema\/logo\/image\/"},"sameAs":["https:\/\/www.linkedin.com\/company\/rldatix-ab\/"],"areaServed":"Worldwide","parentOrganization":{"@id":"https:\/\/www.rldatix.com\/#organization"}},{"@type":"Person","@id":"https:\/\/www.rldatix.com\/se\/#\/schema\/person\/e79a54c38bf2fc7c42a9d1e5da29e30a","name":"Thomas Jackson","image":{"@type":"ImageObject","inLanguage":"sv-SE","@id":"https:\/\/www.rldatix.com\/se\/#\/schema\/person\/image\/","url":"https:\/\/secure.gravatar.com\/avatar\/7e8a68cfe6db9e3425020f0860733b81e9d61a3d29c41dfa02f3b7ea6c1927c1?s=96&d=mm&r=g","contentUrl":"https:\/\/secure.gravatar.com\/avatar\/7e8a68cfe6db9e3425020f0860733b81e9d61a3d29c41dfa02f3b7ea6c1927c1?s=96&d=mm&r=g","caption":"Thomas Jackson"}},{"@type":"Organization","@id":"https:\/\/www.rldatix.com\/#organization","name":"RLDatix","url":"https:\/\/www.rldatix.com\/"}]}},"_links":{"self":[{"href":"https:\/\/www.rldatix.com\/se\/wp-json\/wp\/v2\/posts\/7253","targetHints":{"allow":["GET"]}}],"collection":[{"href":"https:\/\/www.rldatix.com\/se\/wp-json\/wp\/v2\/posts"}],"about":[{"href":"https:\/\/www.rldatix.com\/se\/wp-json\/wp\/v2\/types\/post"}],"author":[{"embeddable":true,"href":"https:\/\/www.rldatix.com\/se\/wp-json\/wp\/v2\/users\/10"}],"replies":[{"embeddable":true,"href":"https:\/\/www.rldatix.com\/se\/wp-json\/wp\/v2\/comments?post=7253"}],"version-history":[{"count":0,"href":"https:\/\/www.rldatix.com\/se\/wp-json\/wp\/v2\/posts\/7253\/revisions"}],"wp:featuredmedia":[{"embeddable":true,"href":"https:\/\/www.rldatix.com\/se\/wp-json\/wp\/v2\/media\/8308"}],"wp:attachment":[{"href":"https:\/\/www.rldatix.com\/se\/wp-json\/wp\/v2\/media?parent=7253"}],"wp:term":[{"taxonomy":"category","embeddable":true,"href":"https:\/\/www.rldatix.com\/se\/wp-json\/wp\/v2\/categories?post=7253"},{"taxonomy":"post_tag","embeddable":true,"href":"https:\/\/www.rldatix.com\/se\/wp-json\/wp\/v2\/tags?post=7253"}],"curies":[{"name":"wp","href":"https:\/\/api.w.org\/{rel}","templated":true}]}}