{"id":7285,"date":"2024-06-28T15:09:00","date_gmt":"2024-06-28T14:09:00","guid":{"rendered":"https:\/\/www.rldatix.com\/se\/?p=7285"},"modified":"2026-04-24T10:43:05","modified_gmt":"2026-04-24T09:43:05","slug":"kundcase-kalix-kommun","status":"publish","type":"post","link":"https:\/\/www.rldatix.com\/se\/resources\/kundcase-kalix-kommun\/","title":{"rendered":"\u00d6verg\u00e5ngen till molndrift efter IT-attacken i Kalix Kommun"},"content":{"rendered":"\n<p><strong>Natten till den 16 december 2021 utsattes Kalix kommun f\u00f6r en omfattande IT-attack, en s\u00e5 kallad ransomware-attack. I stort sett alla system och verksamheter var p\u00e5verkade och kommunen fick snabbt st\u00e4lla om till analogt. I dag har Kalix kommun alla IT-system i molndrift f\u00f6rutom ett.<\/strong><\/p>\n\n\n\n<div style=\"height:25px\" aria-hidden=\"true\" class=\"wp-block-spacer\"><\/div>\n\n\n\n<p><strong>N\u00c4R &amp; inte OM<\/strong><br>F\u00f6rbered er, fr\u00e5gan \u00e4r inte OM utan N\u00c4R det h\u00e4nder!<br>Om ni inte har m\u00f6jlighet till egen h\u00f6g s\u00e4kerhet inom IT s\u00e5 rekommenderar vi molndrift<\/p>\n\n\n\n<p><strong>F\u00f6rdelar<\/strong><br>Det \u00e4r driftss\u00e4kert med en molntj\u00e4nst d\u00e5 det inneb\u00e4r att senaste versionen alltid \u00e4r i bruk samt att alla uppgraderingar sker under kv\u00e4llstid s\u00e5 det inte st\u00f6r verksamheten under dagtid<\/p>\n\n\n\n<p><strong>IT-s\u00e4kerhet<\/strong><br>Alla har f\u00e5tt genomg\u00e5 en digital utbildning i IT-s\u00e4kerhet<br>De har en kvartalsavst\u00e4mning d\u00e4r de g\u00e5r igenom eventuella hot och risker<\/p>\n\n\n\n<p><strong>Support<\/strong><br>De upplever ocks\u00e5 snabb support vid behov men k\u00e4nner generellt att kontakten med supporten \u00e4r v\u00e4ldigt liten d\u00e5 det oftast fungerar bra<\/p>\n\n\n\n<div style=\"height:25px\" aria-hidden=\"true\" class=\"wp-block-spacer\"><\/div>\n\n\n\n<h2 class=\"wp-block-heading\">Hur allt b\u00f6rjade<\/h2>\n\n\n\n<p>De f\u00f6rsta signalerna kom redan under natten n\u00e4r nattpatrullen m\u00e4rkte att de inte kunde logga in i systemen. <br>De trodde till en b\u00f6rjan att det r\u00f6rde sig om mindre driftsst\u00f6rningar men redan efter n\u00e5gra timmar samma morgon f\u00f6rstod man att det r\u00f6rde sig om n\u00e5got mer allvarligt \u00e4n s\u00e5. <br>I princip all verksamhet och alla system vart p\u00e5verkade bland annat e-post, schema, hemtj\u00e4nst, hemsjukv\u00e5rd, f\u00f6rs\u00f6rjningsst\u00f6d och medicinjournaler. <br>Det g\u00e4llde att snabbt st\u00e4lla om, kommunen gick upp i stabsl\u00e4ge och krisledningsm\u00f6te inleddes direkt. <br>Prim\u00e4rt fokus var liv och h\u00e4lsa, ingen utanf\u00f6r verksamheten ska p\u00e5verkas. <br>Med tanke p\u00e5 att detta sker under tiden som covid-19 pandemin fortfarande var i g\u00e5ng s\u00e5 gick det relativt snabbt att st\u00e4lla om till stabsl\u00e4ge.<\/p>\n\n\n\n<div style=\"height:25px\" aria-hidden=\"true\" class=\"wp-block-spacer\"><\/div>\n\n\n\n<h2 class=\"wp-block-heading\">Hur upplevdes morgonen den 16:e december?<\/h2>\n\n\n\n<p>N\u00e4r vi pratar med \u00c5sa Mohss, HR-chef och Ann-Sofie Sandberg, Bemanningsplanerare i Kalix kommun s\u00e5 s\u00e4ger de att det var som att kliva in i en film, det k\u00e4ndes inte verkligt p\u00e5 n\u00e5got s\u00e4tt. <br>F\u00f6rst trodde de att det var en tillf\u00e4llig driftsst\u00f6rning, men ju mer tiden gick denna f\u00f6rmiddag ins\u00e5g de mer och mer hur omfattande situationen var. <br>Alla f\u00f6rvaltningar var p\u00e5verkade p\u00e5 n\u00e5got s\u00e4tt. <br>V\u00e4rme och ventilation fungerade inte, skrivarna gick inte att anv\u00e4nda, allt det som tidigare k\u00e4ndes sj\u00e4lvklart var helt pl\u00f6tsligt ur funktion.<\/p>\n\n\n\n<div style=\"height:25px\" aria-hidden=\"true\" class=\"wp-block-spacer\"><\/div>\n\n\n\n<h2 class=\"wp-block-heading\">Vad blev de \u00f6vergripande konsekvenserna av IT-attacken?<\/h2>\n\n\n\n<p>Alla system och verksamheter var i princip drabbade. <br>P\u00e5tagligt f\u00f6r \u00c5sa i rollen som HR-chef blev \u00e4nd\u00e5 den stundande l\u00f6neutbetalningen inf\u00f6r jul 23 december. <br>2200 l\u00f6ner betalas ut per m\u00e5nad i Kalix kommun och \u00e4ven om alla vill ha sin l\u00f6n varje m\u00e5nad s\u00e5 \u00e4r decemberl\u00f6nen f\u00f6r de flesta lite extra efterl\u00e4ngtad. <br>Hur skulle de lyckas betala ut l\u00f6n utan fungerande system? <br>Hela organisationen var tvungen att st\u00e4lla om till analogt arbete och det k\u00e4ndes som att de slungades tillbaka 40 \u00e5r i tiden. <br>Medarbetare kunde inte n\u00e5s, schemal\u00e4ggning kunde inte utf\u00f6ras och v\u00e5rd &amp; omsorgsinsatser fick hanteras manuellt.<\/p>\n\n\n\n<blockquote class=\"wp-block-quote is-layout-flow wp-block-quote-is-layout-flow\">\n<p>\u201cVi m\u00e5ste sprida riskerna, vi kan inte l\u00e4gga alla \u00e4gg i samma korg\u201d<\/p>\n<cite>Kenneth Bj\u00f6rnfot<br>IT-Chef, Kalix kommun<\/cite><\/blockquote>\n\n\n\n<h2 class=\"wp-block-heading\">Hur p\u00e5verkades schema- och bemanningsplaneringen av attacken?<\/h2>\n\n\n\n<p>Kalix kommun har en central bemanning som sk\u00f6ter hanteringen av vikarier. <br>All schema &amp; bemanning var under attacken tvunget att ske med papper och penna. <br>Inga kontaktuppgifter till personalen gick att f\u00e5 tag p\u00e5 och telefonsystemet l\u00e5g nere d\u00e5 de anv\u00e4nde sig av IP-telefoni. <br>Till en b\u00f6rjan fick de anv\u00e4nda sig av sina privata mobiltelefoner f\u00f6r kommunikation tills kommunen kunde l\u00f6sa l\u00e5nemobiler. <br>Med tanke p\u00e5 att attacken sker mitt under Covid-19 pandemin s\u00e5 \u00e4r m\u00e5nga medarbetare sjuka och\/eller i karant\u00e4n vilket g\u00f6r att bemanningsenhetens arbete \u00e4r viktigare \u00e4n n\u00e5gonsin. Det kr\u00e4vdes mycket samverkan med arbetsplatserna f\u00f6r att l\u00f6sa situationen.<\/p>\n\n\n\n<div style=\"height:25px\" aria-hidden=\"true\" class=\"wp-block-spacer\"><\/div>\n\n\n\n<h2 class=\"wp-block-heading\">Hur kan man f\u00f6rbereda sig och vad kan man \u00f6va p\u00e5 inf\u00f6r en s\u00e5dan h\u00e4r situation?<\/h2>\n\n\n\n<p>Det \u00e4r viktigt att g\u00f6ra kontinuitetsplaner med \u201cworst case senarion\u201d. Det kan vara en f\u00f6rdel att s\u00e4tt upp rutiner f\u00f6r att klara av analogt arbete ifall liknande situation uppst\u00e5r.<br>Sj\u00e4lva hade de bara rutiner att arbeta utan systemen f\u00f6r mindre korta perioder vid driftsst\u00f6rningar och uppdateringar. <br>Ha systemen i molndrift om det \u00e4r m\u00f6jligt s\u00e4rskilt om ni inte har m\u00f6jlighet till en v\u00e4ldigt h\u00f6g s\u00e4kerhet och kapacitet internt.<\/p>\n\n\n\n<div style=\"height:25px\" aria-hidden=\"true\" class=\"wp-block-spacer\"><\/div>\n\n\n\n<h2 class=\"wp-block-heading\">Hur har ni agerat efter attacken ur ett IT-perspektiv?<\/h2>\n\n\n\n<p>Den st\u00f6rsta \u00e5tg\u00e4rden som har gjorts \u00e4r att idag ligger alla system i extern molndrift f\u00f6rutom ett. <br>Time Care var det f\u00f6rsta systemet efter attacken som flyttades \u00f6ver till molndrift. <br>Alla medarbetare har f\u00e5tt byta inloggningsuppgifter samt att numera anv\u00e4nds mobilt bank-id vid byte av inloggning. <br>Alla har ocks\u00e5 f\u00e5tt genomg\u00e5 en digital utbildning i IT-s\u00e4kerhet. De har ocks\u00e5 en kvartalsavst\u00e4mning d\u00e4r de g\u00e5r igenom eventuella hot och risker.<\/p>\n\n\n\n<div style=\"height:25px\" aria-hidden=\"true\" class=\"wp-block-spacer\"><\/div>\n\n\n\n<h2 class=\"wp-block-heading\">Vilka \u00e4r de fr\u00e4msta f\u00f6rdelarna med en cloudl\u00f6sning j\u00e4mf\u00f6rt med intern drift?<\/h2>\n\n\n\n<p>Dels \u00e4r det sv\u00e5rt f\u00f6r en liten kommun att ha den s\u00e4kerhet som beh\u00f6vs med intern drift, samtidigt som att det \u00e4r en utmaning med kompetensf\u00f6rs\u00f6rjningen p\u00e5 IT d\u00e5 alla system blivit mer komplexa. <br>Det \u00e4r driftss\u00e4kert med en molntj\u00e4nst d\u00e5 det inneb\u00e4r att senaste versionen alltid \u00e4r i bruk samt att alla uppgraderingar sker under kv\u00e4llstid s\u00e5 det inte st\u00f6r verksamheten under dagtid. De upplever ocks\u00e5 snabb support vid behov men k\u00e4nner generellt att kontakten med supporten \u00e4r v\u00e4ldigt liten d\u00e5 det oftast fungerar bra.<\/p>\n\n\n\n<div style=\"height:25px\" aria-hidden=\"true\" class=\"wp-block-spacer\"><\/div>\n\n\n\n<h2 class=\"wp-block-heading\">Vad \u00e4r det absolut viktigaste ni vill skicka med till dom som l\u00e4ser detta?<\/h2>\n\n\n\n<p>F\u00f6rbered er, fr\u00e5gan \u00e4r inte OM utan N\u00c4R det h\u00e4nder! Om ni inte har m\u00f6jlighet till egen h\u00f6g s\u00e4kerhet inom IT s\u00e5 rekommenderar vi molndrift.<\/p>\n\n\n\n<div style=\"height:25px\" aria-hidden=\"true\" class=\"wp-block-spacer\"><\/div>\n\n\n\n<div class=\"wp-block-buttons is-layout-flex wp-block-buttons-is-layout-flex\">\n<div class=\"wp-block-button\"><a class=\"wp-block-button__link wp-element-button\" href=\"https:\/\/www.rldatix.com\/se\/wp-content\/uploads\/sites\/9\/2026\/04\/Kalix-kommun-Overgang-till-molndrift-efter-IT-attack.pdf\" target=\"_blank\" rel=\"noreferrer noopener\">Ladda ner kundcase<\/a><\/div>\n<\/div>\n\n\n\n<p><\/p>\n","protected":false},"excerpt":{"rendered":"<p>Natten till den 16 december 2021 utsattes Kalix kommun f\u00f6r en omfattande IT-attack, en s\u00e5&#8230;<\/p>\n","protected":false},"author":10,"featured_media":8333,"comment_status":"closed","ping_status":"closed","sticky":false,"template":"","format":"standard","meta":{"_acf_changed":false,"inline_featured_image":false,"footnotes":""},"categories":[250],"tags":[],"class_list":["post-7285","post","type-post","status-publish","format-standard","has-post-thumbnail","hentry","category-kundcase","primary-category-kundcase"],"acf":[],"yoast_head":"<!-- This site is optimized with the Yoast SEO plugin v25.5 - https:\/\/yoast.com\/wordpress\/plugins\/seo\/ -->\n<title>\u00d6verg\u00e5ngen till molndrift efter IT-attacken i Kalix Kommun | Sweden<\/title>\n<meta name=\"description\" content=\"V\u00e5rdresurser fr\u00e5n RLDatix: \u00d6verg\u00e5ngen till molndrift efter IT-attacken i Kalix Kommun. Insikter, v\u00e4gledning och b\u00e4sta praxis f\u00f6r patients\u00e4kerhet och verksamhetsf\u00f6rb\u00e4ttring.\" \/>\n<meta name=\"robots\" content=\"index, follow, max-snippet:-1, max-image-preview:large, max-video-preview:-1\" \/>\n<link rel=\"canonical\" href=\"https:\/\/www.rldatix.com\/se\/resources\/kundcase-kalix-kommun\/\" \/>\n<meta property=\"og:locale\" content=\"sv_SE\" \/>\n<meta property=\"og:type\" content=\"article\" \/>\n<meta property=\"og:title\" content=\"\u00d6verg\u00e5ngen till molndrift efter IT-attacken i Kalix Kommun | Sweden\" \/>\n<meta property=\"og:description\" content=\"V\u00e5rdresurser fr\u00e5n RLDatix: \u00d6verg\u00e5ngen till molndrift efter IT-attacken i Kalix Kommun. Insikter, v\u00e4gledning och b\u00e4sta praxis f\u00f6r patients\u00e4kerhet och verksamhetsf\u00f6rb\u00e4ttring.\" \/>\n<meta property=\"og:url\" content=\"https:\/\/www.rldatix.com\/se\/resources\/kundcase-kalix-kommun\/\" \/>\n<meta property=\"og:site_name\" content=\"Sweden\" \/>\n<meta property=\"article:published_time\" content=\"2024-06-28T14:09:00+00:00\" \/>\n<meta property=\"article:modified_time\" content=\"2026-04-24T09:43:05+00:00\" \/>\n<meta property=\"og:image\" content=\"https:\/\/www.rldatix.com\/se\/wp-content\/uploads\/sites\/9\/2024\/06\/Kalix-kommun.png\" \/>\n\t<meta property=\"og:image:width\" content=\"1080\" \/>\n\t<meta property=\"og:image:height\" content=\"800\" \/>\n\t<meta property=\"og:image:type\" content=\"image\/png\" \/>\n<meta name=\"author\" content=\"Thomas Jackson\" \/>\n<meta name=\"twitter:card\" content=\"summary_large_image\" \/>\n<meta name=\"twitter:label1\" content=\"Written by\" \/>\n\t<meta name=\"twitter:data1\" content=\"Thomas Jackson\" \/>\n\t<meta name=\"twitter:label2\" content=\"Est. reading time\" \/>\n\t<meta name=\"twitter:data2\" content=\"5 minuter\" \/>\n<script type=\"application\/ld+json\" class=\"yoast-schema-graph\">{\"@context\":\"https:\/\/schema.org\",\"@graph\":[{\"@type\":\"Article\",\"@id\":\"https:\/\/www.rldatix.com\/se\/resources\/kundcase-kalix-kommun\/#article\",\"isPartOf\":{\"@id\":\"https:\/\/www.rldatix.com\/se\/resources\/kundcase-kalix-kommun\/\"},\"author\":{\"name\":\"Thomas Jackson\",\"@id\":\"https:\/\/www.rldatix.com\/se\/#\/schema\/person\/e79a54c38bf2fc7c42a9d1e5da29e30a\"},\"headline\":\"\u00d6verg\u00e5ngen till molndrift efter IT-attacken i Kalix Kommun\",\"datePublished\":\"2024-06-28T14:09:00+00:00\",\"dateModified\":\"2026-04-24T09:43:05+00:00\",\"mainEntityOfPage\":{\"@id\":\"https:\/\/www.rldatix.com\/se\/resources\/kundcase-kalix-kommun\/\"},\"wordCount\":1064,\"publisher\":{\"@id\":\"https:\/\/www.rldatix.com\/se\/#organization\"},\"image\":{\"@id\":\"https:\/\/www.rldatix.com\/se\/resources\/kundcase-kalix-kommun\/#primaryimage\"},\"thumbnailUrl\":\"https:\/\/www.rldatix.com\/se\/wp-content\/uploads\/sites\/9\/2024\/06\/Kalix-kommun.png\",\"articleSection\":[\"Kundcase\"],\"inLanguage\":\"sv-SE\"},{\"@type\":\"WebPage\",\"@id\":\"https:\/\/www.rldatix.com\/se\/resources\/kundcase-kalix-kommun\/\",\"url\":\"https:\/\/www.rldatix.com\/se\/resources\/kundcase-kalix-kommun\/\",\"name\":\"\u00d6verg\u00e5ngen till molndrift efter IT-attacken i Kalix Kommun | Sweden\",\"isPartOf\":{\"@id\":\"https:\/\/www.rldatix.com\/se\/#website\"},\"primaryImageOfPage\":{\"@id\":\"https:\/\/www.rldatix.com\/se\/resources\/kundcase-kalix-kommun\/#primaryimage\"},\"image\":{\"@id\":\"https:\/\/www.rldatix.com\/se\/resources\/kundcase-kalix-kommun\/#primaryimage\"},\"thumbnailUrl\":\"https:\/\/www.rldatix.com\/se\/wp-content\/uploads\/sites\/9\/2024\/06\/Kalix-kommun.png\",\"datePublished\":\"2024-06-28T14:09:00+00:00\",\"dateModified\":\"2026-04-24T09:43:05+00:00\",\"description\":\"V\u00e5rdresurser fr\u00e5n RLDatix: \u00d6verg\u00e5ngen till molndrift efter IT-attacken i Kalix Kommun. Insikter, v\u00e4gledning och b\u00e4sta praxis f\u00f6r patients\u00e4kerhet och verksamhetsf\u00f6rb\u00e4ttring.\",\"breadcrumb\":{\"@id\":\"https:\/\/www.rldatix.com\/se\/resources\/kundcase-kalix-kommun\/#breadcrumb\"},\"inLanguage\":\"sv-SE\",\"potentialAction\":[{\"@type\":\"ReadAction\",\"target\":[\"https:\/\/www.rldatix.com\/se\/resources\/kundcase-kalix-kommun\/\"]}],\"about\":{\"@id\":\"https:\/\/www.rldatix.com\/se\/#organization\"}},{\"@type\":\"ImageObject\",\"inLanguage\":\"sv-SE\",\"@id\":\"https:\/\/www.rldatix.com\/se\/resources\/kundcase-kalix-kommun\/#primaryimage\",\"url\":\"https:\/\/www.rldatix.com\/se\/wp-content\/uploads\/sites\/9\/2024\/06\/Kalix-kommun.png\",\"contentUrl\":\"https:\/\/www.rldatix.com\/se\/wp-content\/uploads\/sites\/9\/2024\/06\/Kalix-kommun.png\",\"width\":1080,\"height\":800},{\"@type\":\"BreadcrumbList\",\"@id\":\"https:\/\/www.rldatix.com\/se\/resources\/kundcase-kalix-kommun\/#breadcrumb\",\"itemListElement\":[{\"@type\":\"ListItem\",\"position\":1,\"name\":\"RLDatix \u2013 Sweden\",\"item\":\"https:\/\/www.rldatix.com\/se\/\"},{\"@type\":\"ListItem\",\"position\":2,\"name\":\"\u00d6verg\u00e5ngen till molndrift efter IT-attacken i Kalix Kommun\"}]},{\"@type\":\"WebSite\",\"@id\":\"https:\/\/www.rldatix.com\/se\/#website\",\"url\":\"https:\/\/www.rldatix.com\/se\/\",\"name\":\"RLDatix \u2013 Sweden\",\"description\":\"RLDatix, the real life decisions software solutions driving health in healthcare, helping organise, reduce harm, improve safety and strengthen patient and staff outcomes through systemwide decision making\",\"publisher\":{\"@id\":\"https:\/\/www.rldatix.com\/se\/#organization\"},\"potentialAction\":[{\"@type\":\"SearchAction\",\"target\":{\"@type\":\"EntryPoint\",\"urlTemplate\":\"https:\/\/www.rldatix.com\/se\/?s={search_term_string}\"},\"query-input\":{\"@type\":\"PropertyValueSpecification\",\"valueRequired\":true,\"valueName\":\"search_term_string\"}}],\"inLanguage\":\"sv-SE\"},{\"@type\":\"Organization\",\"@id\":\"https:\/\/www.rldatix.com\/se\/#organization\",\"name\":\"RLDatix \u2013 Sweden\",\"url\":\"https:\/\/www.rldatix.com\/se\/\",\"logo\":{\"@type\":\"ImageObject\",\"inLanguage\":\"sv-SE\",\"@id\":\"https:\/\/www.rldatix.com\/se\/#\/schema\/logo\/image\/\",\"url\":\"https:\/\/www.rldatix.com\/se\/wp-content\/uploads\/sites\/9\/2024\/08\/logo-dark.svg\",\"contentUrl\":\"https:\/\/www.rldatix.com\/se\/wp-content\/uploads\/sites\/9\/2024\/08\/logo-dark.svg\",\"caption\":\"RLDatix \u2013 Sweden\"},\"image\":{\"@id\":\"https:\/\/www.rldatix.com\/se\/#\/schema\/logo\/image\/\"},\"sameAs\":[\"https:\/\/www.linkedin.com\/company\/rldatix-ab\/\"],\"areaServed\":\"Worldwide\",\"parentOrganization\":{\"@id\":\"https:\/\/www.rldatix.com\/#organization\"}},{\"@type\":\"Person\",\"@id\":\"https:\/\/www.rldatix.com\/se\/#\/schema\/person\/e79a54c38bf2fc7c42a9d1e5da29e30a\",\"name\":\"Thomas Jackson\",\"image\":{\"@type\":\"ImageObject\",\"inLanguage\":\"sv-SE\",\"@id\":\"https:\/\/www.rldatix.com\/se\/#\/schema\/person\/image\/\",\"url\":\"https:\/\/secure.gravatar.com\/avatar\/7e8a68cfe6db9e3425020f0860733b81e9d61a3d29c41dfa02f3b7ea6c1927c1?s=96&d=mm&r=g\",\"contentUrl\":\"https:\/\/secure.gravatar.com\/avatar\/7e8a68cfe6db9e3425020f0860733b81e9d61a3d29c41dfa02f3b7ea6c1927c1?s=96&d=mm&r=g\",\"caption\":\"Thomas Jackson\"}},{\"@type\":\"Organization\",\"@id\":\"https:\/\/www.rldatix.com\/#organization\",\"name\":\"RLDatix\",\"url\":\"https:\/\/www.rldatix.com\/\"}]}<\/script>\n<!-- \/ Yoast SEO plugin. -->","yoast_head_json":{"title":"\u00d6verg\u00e5ngen till molndrift efter IT-attacken i Kalix Kommun | Sweden","description":"V\u00e5rdresurser fr\u00e5n RLDatix: \u00d6verg\u00e5ngen till molndrift efter IT-attacken i Kalix Kommun. Insikter, v\u00e4gledning och b\u00e4sta praxis f\u00f6r patients\u00e4kerhet och verksamhetsf\u00f6rb\u00e4ttring.","robots":{"index":"index","follow":"follow","max-snippet":"max-snippet:-1","max-image-preview":"max-image-preview:large","max-video-preview":"max-video-preview:-1"},"canonical":"https:\/\/www.rldatix.com\/se\/resources\/kundcase-kalix-kommun\/","og_locale":"sv_SE","og_type":"article","og_title":"\u00d6verg\u00e5ngen till molndrift efter IT-attacken i Kalix Kommun | Sweden","og_description":"V\u00e5rdresurser fr\u00e5n RLDatix: \u00d6verg\u00e5ngen till molndrift efter IT-attacken i Kalix Kommun. Insikter, v\u00e4gledning och b\u00e4sta praxis f\u00f6r patients\u00e4kerhet och verksamhetsf\u00f6rb\u00e4ttring.","og_url":"https:\/\/www.rldatix.com\/se\/resources\/kundcase-kalix-kommun\/","og_site_name":"Sweden","article_published_time":"2024-06-28T14:09:00+00:00","article_modified_time":"2026-04-24T09:43:05+00:00","og_image":[{"width":1080,"height":800,"url":"https:\/\/www.rldatix.com\/se\/wp-content\/uploads\/sites\/9\/2024\/06\/Kalix-kommun.png","type":"image\/png"}],"author":"Thomas Jackson","twitter_card":"summary_large_image","twitter_misc":{"Written by":"Thomas Jackson","Est. reading time":"5 minuter"},"schema":{"@context":"https:\/\/schema.org","@graph":[{"@type":"Article","@id":"https:\/\/www.rldatix.com\/se\/resources\/kundcase-kalix-kommun\/#article","isPartOf":{"@id":"https:\/\/www.rldatix.com\/se\/resources\/kundcase-kalix-kommun\/"},"author":{"name":"Thomas Jackson","@id":"https:\/\/www.rldatix.com\/se\/#\/schema\/person\/e79a54c38bf2fc7c42a9d1e5da29e30a"},"headline":"\u00d6verg\u00e5ngen till molndrift efter IT-attacken i Kalix Kommun","datePublished":"2024-06-28T14:09:00+00:00","dateModified":"2026-04-24T09:43:05+00:00","mainEntityOfPage":{"@id":"https:\/\/www.rldatix.com\/se\/resources\/kundcase-kalix-kommun\/"},"wordCount":1064,"publisher":{"@id":"https:\/\/www.rldatix.com\/se\/#organization"},"image":{"@id":"https:\/\/www.rldatix.com\/se\/resources\/kundcase-kalix-kommun\/#primaryimage"},"thumbnailUrl":"https:\/\/www.rldatix.com\/se\/wp-content\/uploads\/sites\/9\/2024\/06\/Kalix-kommun.png","articleSection":["Kundcase"],"inLanguage":"sv-SE"},{"@type":"WebPage","@id":"https:\/\/www.rldatix.com\/se\/resources\/kundcase-kalix-kommun\/","url":"https:\/\/www.rldatix.com\/se\/resources\/kundcase-kalix-kommun\/","name":"\u00d6verg\u00e5ngen till molndrift efter IT-attacken i Kalix Kommun | Sweden","isPartOf":{"@id":"https:\/\/www.rldatix.com\/se\/#website"},"primaryImageOfPage":{"@id":"https:\/\/www.rldatix.com\/se\/resources\/kundcase-kalix-kommun\/#primaryimage"},"image":{"@id":"https:\/\/www.rldatix.com\/se\/resources\/kundcase-kalix-kommun\/#primaryimage"},"thumbnailUrl":"https:\/\/www.rldatix.com\/se\/wp-content\/uploads\/sites\/9\/2024\/06\/Kalix-kommun.png","datePublished":"2024-06-28T14:09:00+00:00","dateModified":"2026-04-24T09:43:05+00:00","description":"V\u00e5rdresurser fr\u00e5n RLDatix: \u00d6verg\u00e5ngen till molndrift efter IT-attacken i Kalix Kommun. Insikter, v\u00e4gledning och b\u00e4sta praxis f\u00f6r patients\u00e4kerhet och verksamhetsf\u00f6rb\u00e4ttring.","breadcrumb":{"@id":"https:\/\/www.rldatix.com\/se\/resources\/kundcase-kalix-kommun\/#breadcrumb"},"inLanguage":"sv-SE","potentialAction":[{"@type":"ReadAction","target":["https:\/\/www.rldatix.com\/se\/resources\/kundcase-kalix-kommun\/"]}],"about":{"@id":"https:\/\/www.rldatix.com\/se\/#organization"}},{"@type":"ImageObject","inLanguage":"sv-SE","@id":"https:\/\/www.rldatix.com\/se\/resources\/kundcase-kalix-kommun\/#primaryimage","url":"https:\/\/www.rldatix.com\/se\/wp-content\/uploads\/sites\/9\/2024\/06\/Kalix-kommun.png","contentUrl":"https:\/\/www.rldatix.com\/se\/wp-content\/uploads\/sites\/9\/2024\/06\/Kalix-kommun.png","width":1080,"height":800},{"@type":"BreadcrumbList","@id":"https:\/\/www.rldatix.com\/se\/resources\/kundcase-kalix-kommun\/#breadcrumb","itemListElement":[{"@type":"ListItem","position":1,"name":"RLDatix \u2013 Sweden","item":"https:\/\/www.rldatix.com\/se\/"},{"@type":"ListItem","position":2,"name":"\u00d6verg\u00e5ngen till molndrift efter IT-attacken i Kalix Kommun"}]},{"@type":"WebSite","@id":"https:\/\/www.rldatix.com\/se\/#website","url":"https:\/\/www.rldatix.com\/se\/","name":"RLDatix \u2013 Sweden","description":"RLDatix, the real life decisions software solutions driving health in healthcare, helping organise, reduce harm, improve safety and strengthen patient and staff outcomes through systemwide decision making","publisher":{"@id":"https:\/\/www.rldatix.com\/se\/#organization"},"potentialAction":[{"@type":"SearchAction","target":{"@type":"EntryPoint","urlTemplate":"https:\/\/www.rldatix.com\/se\/?s={search_term_string}"},"query-input":{"@type":"PropertyValueSpecification","valueRequired":true,"valueName":"search_term_string"}}],"inLanguage":"sv-SE"},{"@type":"Organization","@id":"https:\/\/www.rldatix.com\/se\/#organization","name":"RLDatix \u2013 Sweden","url":"https:\/\/www.rldatix.com\/se\/","logo":{"@type":"ImageObject","inLanguage":"sv-SE","@id":"https:\/\/www.rldatix.com\/se\/#\/schema\/logo\/image\/","url":"https:\/\/www.rldatix.com\/se\/wp-content\/uploads\/sites\/9\/2024\/08\/logo-dark.svg","contentUrl":"https:\/\/www.rldatix.com\/se\/wp-content\/uploads\/sites\/9\/2024\/08\/logo-dark.svg","caption":"RLDatix \u2013 Sweden"},"image":{"@id":"https:\/\/www.rldatix.com\/se\/#\/schema\/logo\/image\/"},"sameAs":["https:\/\/www.linkedin.com\/company\/rldatix-ab\/"],"areaServed":"Worldwide","parentOrganization":{"@id":"https:\/\/www.rldatix.com\/#organization"}},{"@type":"Person","@id":"https:\/\/www.rldatix.com\/se\/#\/schema\/person\/e79a54c38bf2fc7c42a9d1e5da29e30a","name":"Thomas Jackson","image":{"@type":"ImageObject","inLanguage":"sv-SE","@id":"https:\/\/www.rldatix.com\/se\/#\/schema\/person\/image\/","url":"https:\/\/secure.gravatar.com\/avatar\/7e8a68cfe6db9e3425020f0860733b81e9d61a3d29c41dfa02f3b7ea6c1927c1?s=96&d=mm&r=g","contentUrl":"https:\/\/secure.gravatar.com\/avatar\/7e8a68cfe6db9e3425020f0860733b81e9d61a3d29c41dfa02f3b7ea6c1927c1?s=96&d=mm&r=g","caption":"Thomas Jackson"}},{"@type":"Organization","@id":"https:\/\/www.rldatix.com\/#organization","name":"RLDatix","url":"https:\/\/www.rldatix.com\/"}]}},"_links":{"self":[{"href":"https:\/\/www.rldatix.com\/se\/wp-json\/wp\/v2\/posts\/7285","targetHints":{"allow":["GET"]}}],"collection":[{"href":"https:\/\/www.rldatix.com\/se\/wp-json\/wp\/v2\/posts"}],"about":[{"href":"https:\/\/www.rldatix.com\/se\/wp-json\/wp\/v2\/types\/post"}],"author":[{"embeddable":true,"href":"https:\/\/www.rldatix.com\/se\/wp-json\/wp\/v2\/users\/10"}],"replies":[{"embeddable":true,"href":"https:\/\/www.rldatix.com\/se\/wp-json\/wp\/v2\/comments?post=7285"}],"version-history":[{"count":0,"href":"https:\/\/www.rldatix.com\/se\/wp-json\/wp\/v2\/posts\/7285\/revisions"}],"wp:featuredmedia":[{"embeddable":true,"href":"https:\/\/www.rldatix.com\/se\/wp-json\/wp\/v2\/media\/8333"}],"wp:attachment":[{"href":"https:\/\/www.rldatix.com\/se\/wp-json\/wp\/v2\/media?parent=7285"}],"wp:term":[{"taxonomy":"category","embeddable":true,"href":"https:\/\/www.rldatix.com\/se\/wp-json\/wp\/v2\/categories?post=7285"},{"taxonomy":"post_tag","embeddable":true,"href":"https:\/\/www.rldatix.com\/se\/wp-json\/wp\/v2\/tags?post=7285"}],"curies":[{"name":"wp","href":"https:\/\/api.w.org\/{rel}","templated":true}]}}