{"id":7945,"date":"2025-10-31T15:37:01","date_gmt":"2025-10-31T14:37:01","guid":{"rendered":"https:\/\/www.rldatix.com\/se\/?p=7945"},"modified":"2026-04-23T08:59:04","modified_gmt":"2026-04-23T07:59:04","slug":"lekebergs-kommun","status":"publish","type":"post","link":"https:\/\/www.rldatix.com\/se\/resources\/lekebergs-kommun\/","title":{"rendered":"Fr\u00e5n motst\u00e5nd till m\u00f6jligheter &#8211; Resan mot h\u00e5llbar bemanning och f\u00f6rb\u00e4ttrad arbetsmilj\u00f6 i Lekebergs kommun"},"content":{"rendered":"\n<p><strong>Under de senaste \u00e5ren har Lekebergs kommun genomf\u00f6rt ett omfattande f\u00f6r\u00e4ndringsarbete inom v\u00e5rd och omsorg. Med ett tydligt fokus p\u00e5 verksamhetsanpassning, struktur och h\u00e5llbarhet har kommunen lyckats v\u00e4nda en utmanande situation till en framg\u00e5ngsrik utvecklingsresa. F\u00f6rvaltningschef Maria Engdahl och enhetschef Sandra Narancic delar med sig av insikter, l\u00e4rdomar och resultat fr\u00e5n ett arbete som p\u00e5verkat b\u00e5de medarbetare, brukare och ledning.<\/strong><\/p>\n\n\n\n<p><strong>Hela organisationen<\/strong><br>Hela organisationen gick utbldningen Bemanningsakademi, \u00e4ven politikerna<\/p>\n\n\n\n<p><strong>Verksamhetsanpassade scheman<\/strong><br>Schemal\u00e4ggningen utg\u00e5r fr\u00e5n verksamhetens behov och f\u00f6ljer arbetstidslagen.<\/p>\n\n\n\n<p><strong>F\u00f6r\u00e4ndringsledning<\/strong><br>Trots starkt motst\u00e5nd har kommunen st\u00e5tt fast vid f\u00f6r\u00e4ndringen.<\/p>\n\n\n\n<p>Ledarskapet har varit tydligt, transparent och l\u00f6sningsorienterat.<\/p>\n\n\n\n<p><strong>Effektivare planering<\/strong><br>Inf\u00f6rande av controller-modulen och produktionsplanering ger tydligare bemanningsgrafer och kontinuitet i insatser.<\/p>\n\n\n\n<div style=\"height:25px\" aria-hidden=\"true\" class=\"wp-block-spacer\"><\/div>\n\n\n\n<blockquote class=\"wp-block-quote is-layout-flow wp-block-quote-is-layout-flow\">\n<p>&#8221;Vi tog bort samtliga delade turer i Lekebergs kommun&#8221;<\/p>\n<cite>Maria Engdahl<br>F\u00f6rvatningschef, Lekeberg kommun<\/cite><\/blockquote>\n\n\n\n<h2 class=\"wp-block-heading\"><strong>Ekonomisk press och organisatorisk oreda<\/strong><\/h2>\n\n\n\n<p>N\u00e4r Maria Engdahl tilltr\u00e4dde som f\u00f6rvaltningschef i slutet av 2023 m\u00f6tte hon en organisation med ett betydande budgetunderskott, h\u00f6g sjukfr\u00e5nvaro och bristande struktur. Planeringen var kortsiktig, ofta endast f\u00f6r n\u00e4stkommande dag, och systemst\u00f6det var otillr\u00e4ckligt. Chefsbyten och otydliga roller f\u00f6rsv\u00e5rade arbetet ytterligare. Det fanns ingen stabil grund att bygga vidare p\u00e5 \u2013 allt fr\u00e5n bemanning till dokumentation beh\u00f6vde ses \u00f6ver.<\/p>\n\n\n\n<div style=\"height:25px\" aria-hidden=\"true\" class=\"wp-block-spacer\"><\/div>\n\n\n\n<h2 class=\"wp-block-heading\"><strong>Schemaf\u00f6r\u00e4ndringen \u2013 en n\u00f6dv\u00e4ndig men utmanande omst\u00e4llning<\/strong><\/h2>\n\n\n\n<p>F\u00f6r att m\u00f6ta kraven fr\u00e5n politiken och skapa en mer h\u00e5llbar verksamhet beslutades om en omfattande schemaf\u00f6r\u00e4ndring. <\/p>\n\n\n\n<p>Kommunen inf\u00f6rde fyraveckorsscheman med tv\u00e5 helger av fyra i tj\u00e4nst, nio fridagar och inga delade turer. F\u00f6r\u00e4ndringen innebar ett avsteg fr\u00e5n tidigare arbetss\u00e4tt, d\u00e4r fasta grupper och invanda rutiner varit norm.<\/p>\n\n\n\n<p>Reaktionerna l\u00e4t inte v\u00e4nta p\u00e5 sig. S\u00e4rskilt nattpersonalen protesterade h\u00f6gljutt mot kortare arbetspass och f\u00f6r\u00e4ndrade tider. Manifestationer h\u00f6lls p\u00e5 torget, sociala medier fylldes med kritik, och ett stort antal medborgarinitiativ l\u00e4mnades in till kommunfullm\u00e4ktige med krav p\u00e5 att skjuta upp f\u00f6r\u00e4ndringen.<\/p>\n\n\n\n<div style=\"height:25px\" aria-hidden=\"true\" class=\"wp-block-spacer\"><\/div>\n\n\n\n<h2 class=\"wp-block-heading\"><strong>Bemanningsakademier \u2013 utbildning och dialog i hela organisationen<\/strong><\/h2>\n\n\n\n<p>F\u00f6r att skapa f\u00f6rst\u00e5else och delaktighet genomf\u00f6rdes bemanningsakademier f\u00f6r samtliga medarbetare, planerare, samordnare och chefer. \u00c4ven politiker bj\u00f6ds in \u2013 ett ovanligt men viktigt steg f\u00f6r att f\u00f6rankra f\u00f6r\u00e4ndringen i hela organisationen. F\u00f6rslagsl\u00e5dor anv\u00e4ndes f\u00f6r att samla in synpunkter p\u00e5 scheman, och \u00e4ven om dessa inte var anonyma, f\u00f6rs\u00f6kte cheferna ta h\u00e4nsyn till individuella \u00f6nskem\u00e5l d\u00e4r det var m\u00f6jligt.<\/p>\n\n\n\n<div style=\"height:25px\" aria-hidden=\"true\" class=\"wp-block-spacer\"><\/div>\n\n\n\n<h2 class=\"wp-block-heading\"><strong>Hemtj\u00e4nsten \u2013 fr\u00e5n kaos till kontroll<\/strong><\/h2>\n\n\n\n<p>Hemtj\u00e4nsten var s\u00e4rskilt drabbad av oreda. Sjukfr\u00e5nvaron var h\u00f6g, planeringen bristf\u00e4llig och bemanningen os\u00e4ker. <\/p>\n\n\n\n<p>Genom att inf\u00f6ra nya system, f\u00f6rst\u00e4rka planeringsfunktionen och dela upp planeringstj\u00e4nster mellan baspersonal och heltidstj\u00e4nster har kommunen skapat b\u00e4ttre struktur. Controller-modulen anv\u00e4nds nu dagligen f\u00f6r uppf\u00f6ljning, och produktionsplanering inf\u00f6rs under h\u00f6sten.<\/p>\n\n\n\n<p>F\u00f6r f\u00f6rsta g\u00e5ngen b\u00f6rjar kommunen fylla bemanningsgrafer och planera utifr\u00e5n faktiska behov i olika grupper. Det har skapat f\u00f6ruts\u00e4ttningar f\u00f6r l\u00e5ngsiktig planering, b\u00e4ttre kontinuitet och minskad \u00f6vertid.<\/p>\n\n\n\n<blockquote class=\"wp-block-quote is-layout-flow wp-block-quote-is-layout-flow\">\n<p>&#8221;Det \u00e4r f\u00f6rst nu vi fyller grafen med raderna och kan b\u00f6rja med finliret&#8221;<\/p>\n<cite>Sandra Narancic<br>Enhetschef Hemtj\u00e4nsten, Lekebergs kommun<\/cite><\/blockquote>\n\n\n\n<h2 class=\"wp-block-heading\">M\u00e4tbara resultat<\/h2>\n\n\n\n<ul class=\"wp-block-list\">\n<li><strong>Minskad sjukfr\u00e5nvaro fr\u00e5n 20,6 % till 7,8 %.<\/strong><\/li>\n\n\n\n<li><strong>\u00d6vertidskostnaderna har sjunkit fr 135 till 13 tkr\/m\u00e5nad.<\/strong><\/li>\n\n\n\n<li><strong>Bel\u00e4ggningsgraden har f\u00f6rb\u00e4ttrats.<\/strong><\/li>\n\n\n\n<li><strong>Kontinuiteten har g\u00e5tt fr\u00e5n 27 till 14.<\/strong><\/li>\n\n\n\n<li><strong>Socialf\u00f6rvaltningen har g\u00e5tt fr\u00e5n ett underskott p\u00e5 10,8 Mkr 2023 till +4,5 Mkr 2025<\/strong><\/li>\n<\/ul>\n\n\n\n<div style=\"height:25px\" aria-hidden=\"true\" class=\"wp-block-spacer\"><\/div>\n\n\n\n<h2 class=\"wp-block-heading\"><strong>Kulturf\u00f6r\u00e4ndring och arbetsmilj\u00f6<\/strong><\/h2>\n\n\n\n<p>En viktig del av f\u00f6r\u00e4ndringsarbetet har varit att f\u00f6r\u00e4ndra kulturen. Tidigare morgonkaos har ersatts av lugn och struktur, och medarbetare visar st\u00f6rre h\u00e4nsyn till varandra. <\/p>\n\n\n\n<p>Det m\u00e4rks att arbetskulturen har f\u00f6r\u00e4ndrats \u2013 medarbetare visar st\u00f6rre h\u00e4nsyn till varandra och tar ansvar f\u00f6r hur man bem\u00f6ter kollegor. Det finns en vilja att l\u00e4ra, r\u00e4tta till och bidra till ett b\u00e4ttre arbetsklimat. Sociala insatser som fredagsfrukostar, planeringsdagar och inspirationsf\u00f6rel\u00e4sningar har bidragit till att st\u00e4rka gemenskapen och skapa en mer professionell arbetsmilj\u00f6. <\/p>\n\n\n\n<p>Kommunen har ocks\u00e5 b\u00f6rjat arbeta med tydligare planering av bil- och cykelanv\u00e4ndning, samt inf\u00f6rt nyckelsk\u00e5p f\u00f6r \u00f6kad kontroll<\/p>\n\n\n\n<div style=\"height:25px\" aria-hidden=\"true\" class=\"wp-block-spacer\"><\/div>\n\n\n\n<h2 class=\"wp-block-heading\"><strong>Samverkan med fackf\u00f6rbund \u00e4r en viktig del av f\u00f6r\u00e4ndringsarbetet<\/strong><\/h2>\n\n\n\n<p>Kommunen och fackliga representanter har ibland haft olika perspektiv p\u00e5 hur f\u00f6r\u00e4ndringarna b\u00e4st b\u00f6r genomf\u00f6ras. Exempelvis har helgtj\u00e4nstg\u00f6ring inf\u00f6rts utifr\u00e5n medarbetarnas \u00f6nskem\u00e5l, samtidigt som det v\u00e4ckt fr\u00e5gor om arbetsmilj\u00f6 och \u00e5terh\u00e4mtning. Fackf\u00f6rbundet har fortsatt att framf\u00f6ra synpunkter kring schemats utformning, inklusive \u00f6nskem\u00e5l om att \u00e5terg\u00e5 till tidigare arbetss\u00e4tt \u2013 n\u00e5got som beh\u00f6ver v\u00e4gas mot g\u00e4llande regelverk och verksamhetens behov.<\/p>\n\n\n\n<div style=\"height:25px\" aria-hidden=\"true\" class=\"wp-block-spacer\"><\/div>\n\n\n\n<h2 class=\"wp-block-heading\"><strong>Framtiden<\/strong>; <strong>Fortsatt utveckling och f\u00f6rankring<\/strong><\/h2>\n\n\n\n<p>Lekebergs kommun ser positivt p\u00e5 framtiden. Medarbetarna visar st\u00f6rre engagemang, fler vill vara kvar i verksamheten, och strukturen har f\u00f6rb\u00e4ttrats. Kommunen forts\u00e4tter att arbeta med kulturf\u00f6r\u00e4ndring, utbildning och dialog \u2013 b\u00e5de internt och med politiken.<\/p>\n\n\n\n<p>Det \u00e4r en resa som kr\u00e4ver t\u00e5lamod, mod och uth\u00e5llighet. Men med r\u00e4tt verktyg, r\u00e4tt m\u00e4nniskor och en tydlig riktning \u00e4r Lekebergs kommun p\u00e5 god v\u00e4g mot en h\u00e5llbar, effektiv och m\u00e4nsklig omsorgsverksamhet.<\/p>\n\n\n\n<blockquote class=\"wp-block-quote is-layout-flow wp-block-quote-is-layout-flow\">\n<p>&#8221;Nu vill faktiskt merparten av personerna som \u00e4r p\u00e5 plats vara h\u00e4r \u2013 det hade vi inte f\u00f6r ett \u00e5r sedan\u201d<\/p>\n<cite>Sandra Narancic<br>Enhetschef Hemtj\u00e4nsten, Lekebergs kommun<\/cite><\/blockquote>\n\n\n\n<p><\/p>\n\n\n\n<div class=\"wp-block-buttons is-layout-flex wp-block-buttons-is-layout-flex\">\n<div class=\"wp-block-button\"><a class=\"wp-block-button__link wp-element-button\" href=\"https:\/\/www.rldatix.com\/se\/wp-content\/uploads\/sites\/9\/2026\/03\/Lekebergs-kommun-Fran-motstand-till-mojligheter-V2.pdf\" target=\"_blank\" rel=\"noreferrer noopener\">Ladda ner kundcase<\/a><\/div>\n<\/div>\n\n\n\n<p><\/p>\n","protected":false},"excerpt":{"rendered":"<p>Under de senaste \u00e5ren har Lekebergs kommun genomf\u00f6rt ett omfattande f\u00f6r\u00e4ndringsarbete inom v\u00e5rd och omsorg&#8230;.<\/p>\n","protected":false},"author":10,"featured_media":7947,"comment_status":"closed","ping_status":"closed","sticky":false,"template":"","format":"standard","meta":{"_acf_changed":false,"inline_featured_image":false,"footnotes":""},"categories":[250],"tags":[],"class_list":["post-7945","post","type-post","status-publish","format-standard","has-post-thumbnail","hentry","category-kundcase","primary-category-kundcase"],"acf":[],"yoast_head":"<!-- This site is optimized with the Yoast SEO plugin v25.5 - https:\/\/yoast.com\/wordpress\/plugins\/seo\/ -->\n<title>Fr\u00e5n motst\u00e5nd till m\u00f6jligheter - Resan mot h\u00e5llbar bemanning och f\u00f6rb\u00e4ttrad arbetsmilj\u00f6 i Lekebergs kommun | Sweden<\/title>\n<meta name=\"description\" content=\"V\u00e5rdresurser fr\u00e5n RLDatix: Fr\u00e5n motst\u00e5nd till m\u00f6jligheter - Resan mot h\u00e5llbar bemanning och f\u00f6rb\u00e4ttrad arbetsmilj\u00f6 i Lekebergs kommun. Insikter, v\u00e4gledning och b\u00e4sta praxis f\u00f6r patients\u00e4kerhet och verksamhetsf\u00f6rb\u00e4ttring.\" \/>\n<meta name=\"robots\" content=\"index, follow, max-snippet:-1, max-image-preview:large, max-video-preview:-1\" \/>\n<link rel=\"canonical\" href=\"https:\/\/www.rldatix.com\/se\/resources\/lekebergs-kommun\/\" \/>\n<meta property=\"og:locale\" content=\"sv_SE\" \/>\n<meta property=\"og:type\" content=\"article\" \/>\n<meta property=\"og:title\" content=\"Fr\u00e5n motst\u00e5nd till m\u00f6jligheter - Resan mot h\u00e5llbar bemanning och f\u00f6rb\u00e4ttrad arbetsmilj\u00f6 i Lekebergs kommun | Sweden\" \/>\n<meta property=\"og:description\" content=\"V\u00e5rdresurser fr\u00e5n RLDatix: Fr\u00e5n motst\u00e5nd till m\u00f6jligheter - Resan mot h\u00e5llbar bemanning och f\u00f6rb\u00e4ttrad arbetsmilj\u00f6 i Lekebergs kommun. Insikter, v\u00e4gledning och b\u00e4sta praxis f\u00f6r patients\u00e4kerhet och verksamhetsf\u00f6rb\u00e4ttring.\" \/>\n<meta property=\"og:url\" content=\"https:\/\/www.rldatix.com\/se\/resources\/lekebergs-kommun\/\" \/>\n<meta property=\"og:site_name\" content=\"Sweden\" \/>\n<meta property=\"article:published_time\" content=\"2025-10-31T14:37:01+00:00\" \/>\n<meta property=\"article:modified_time\" content=\"2026-04-23T07:59:04+00:00\" \/>\n<meta property=\"og:image\" content=\"https:\/\/www.rldatix.com\/se\/wp-content\/uploads\/sites\/9\/2025\/10\/Sweden-case-study-FI.png\" \/>\n\t<meta property=\"og:image:width\" content=\"723\" \/>\n\t<meta property=\"og:image:height\" content=\"472\" \/>\n\t<meta property=\"og:image:type\" content=\"image\/png\" \/>\n<meta name=\"author\" content=\"Thomas Jackson\" \/>\n<meta name=\"twitter:card\" content=\"summary_large_image\" \/>\n<meta name=\"twitter:label1\" content=\"Written by\" \/>\n\t<meta name=\"twitter:data1\" content=\"Thomas Jackson\" \/>\n\t<meta name=\"twitter:label2\" content=\"Est. reading time\" \/>\n\t<meta name=\"twitter:data2\" content=\"4 minuter\" \/>\n<script type=\"application\/ld+json\" class=\"yoast-schema-graph\">{\"@context\":\"https:\/\/schema.org\",\"@graph\":[{\"@type\":\"Article\",\"@id\":\"https:\/\/www.rldatix.com\/se\/resources\/lekebergs-kommun\/#article\",\"isPartOf\":{\"@id\":\"https:\/\/www.rldatix.com\/se\/resources\/lekebergs-kommun\/\"},\"author\":{\"name\":\"Thomas Jackson\",\"@id\":\"https:\/\/www.rldatix.com\/se\/#\/schema\/person\/e79a54c38bf2fc7c42a9d1e5da29e30a\"},\"headline\":\"Fr\u00e5n motst\u00e5nd till m\u00f6jligheter &#8211; Resan mot h\u00e5llbar bemanning och f\u00f6rb\u00e4ttrad arbetsmilj\u00f6 i Lekebergs kommun\",\"datePublished\":\"2025-10-31T14:37:01+00:00\",\"dateModified\":\"2026-04-23T07:59:04+00:00\",\"mainEntityOfPage\":{\"@id\":\"https:\/\/www.rldatix.com\/se\/resources\/lekebergs-kommun\/\"},\"wordCount\":962,\"publisher\":{\"@id\":\"https:\/\/www.rldatix.com\/se\/#organization\"},\"image\":{\"@id\":\"https:\/\/www.rldatix.com\/se\/resources\/lekebergs-kommun\/#primaryimage\"},\"thumbnailUrl\":\"https:\/\/www.rldatix.com\/se\/wp-content\/uploads\/sites\/9\/2025\/10\/Sweden-case-study-FI.png\",\"articleSection\":[\"Kundcase\"],\"inLanguage\":\"sv-SE\"},{\"@type\":\"WebPage\",\"@id\":\"https:\/\/www.rldatix.com\/se\/resources\/lekebergs-kommun\/\",\"url\":\"https:\/\/www.rldatix.com\/se\/resources\/lekebergs-kommun\/\",\"name\":\"Fr\u00e5n motst\u00e5nd till m\u00f6jligheter - Resan mot h\u00e5llbar bemanning och f\u00f6rb\u00e4ttrad arbetsmilj\u00f6 i Lekebergs kommun | Sweden\",\"isPartOf\":{\"@id\":\"https:\/\/www.rldatix.com\/se\/#website\"},\"primaryImageOfPage\":{\"@id\":\"https:\/\/www.rldatix.com\/se\/resources\/lekebergs-kommun\/#primaryimage\"},\"image\":{\"@id\":\"https:\/\/www.rldatix.com\/se\/resources\/lekebergs-kommun\/#primaryimage\"},\"thumbnailUrl\":\"https:\/\/www.rldatix.com\/se\/wp-content\/uploads\/sites\/9\/2025\/10\/Sweden-case-study-FI.png\",\"datePublished\":\"2025-10-31T14:37:01+00:00\",\"dateModified\":\"2026-04-23T07:59:04+00:00\",\"description\":\"V\u00e5rdresurser fr\u00e5n RLDatix: Fr\u00e5n motst\u00e5nd till m\u00f6jligheter - Resan mot h\u00e5llbar bemanning och f\u00f6rb\u00e4ttrad arbetsmilj\u00f6 i Lekebergs kommun. Insikter, v\u00e4gledning och b\u00e4sta praxis f\u00f6r patients\u00e4kerhet och verksamhetsf\u00f6rb\u00e4ttring.\",\"breadcrumb\":{\"@id\":\"https:\/\/www.rldatix.com\/se\/resources\/lekebergs-kommun\/#breadcrumb\"},\"inLanguage\":\"sv-SE\",\"potentialAction\":[{\"@type\":\"ReadAction\",\"target\":[\"https:\/\/www.rldatix.com\/se\/resources\/lekebergs-kommun\/\"]}],\"about\":{\"@id\":\"https:\/\/www.rldatix.com\/se\/#organization\"}},{\"@type\":\"ImageObject\",\"inLanguage\":\"sv-SE\",\"@id\":\"https:\/\/www.rldatix.com\/se\/resources\/lekebergs-kommun\/#primaryimage\",\"url\":\"https:\/\/www.rldatix.com\/se\/wp-content\/uploads\/sites\/9\/2025\/10\/Sweden-case-study-FI.png\",\"contentUrl\":\"https:\/\/www.rldatix.com\/se\/wp-content\/uploads\/sites\/9\/2025\/10\/Sweden-case-study-FI.png\",\"width\":723,\"height\":472},{\"@type\":\"BreadcrumbList\",\"@id\":\"https:\/\/www.rldatix.com\/se\/resources\/lekebergs-kommun\/#breadcrumb\",\"itemListElement\":[{\"@type\":\"ListItem\",\"position\":1,\"name\":\"RLDatix \u2013 Sweden\",\"item\":\"https:\/\/www.rldatix.com\/se\/\"},{\"@type\":\"ListItem\",\"position\":2,\"name\":\"Fr\u00e5n motst\u00e5nd till m\u00f6jligheter &#8211; Resan mot h\u00e5llbar bemanning och f\u00f6rb\u00e4ttrad arbetsmilj\u00f6 i Lekebergs kommun\"}]},{\"@type\":\"WebSite\",\"@id\":\"https:\/\/www.rldatix.com\/se\/#website\",\"url\":\"https:\/\/www.rldatix.com\/se\/\",\"name\":\"RLDatix \u2013 Sweden\",\"description\":\"RLDatix, the real life decisions software solutions driving health in healthcare, helping organise, reduce harm, improve safety and strengthen patient and staff outcomes through systemwide decision making\",\"publisher\":{\"@id\":\"https:\/\/www.rldatix.com\/se\/#organization\"},\"potentialAction\":[{\"@type\":\"SearchAction\",\"target\":{\"@type\":\"EntryPoint\",\"urlTemplate\":\"https:\/\/www.rldatix.com\/se\/?s={search_term_string}\"},\"query-input\":{\"@type\":\"PropertyValueSpecification\",\"valueRequired\":true,\"valueName\":\"search_term_string\"}}],\"inLanguage\":\"sv-SE\"},{\"@type\":\"Organization\",\"@id\":\"https:\/\/www.rldatix.com\/se\/#organization\",\"name\":\"RLDatix \u2013 Sweden\",\"url\":\"https:\/\/www.rldatix.com\/se\/\",\"logo\":{\"@type\":\"ImageObject\",\"inLanguage\":\"sv-SE\",\"@id\":\"https:\/\/www.rldatix.com\/se\/#\/schema\/logo\/image\/\",\"url\":\"https:\/\/www.rldatix.com\/se\/wp-content\/uploads\/sites\/9\/2024\/08\/logo-dark.svg\",\"contentUrl\":\"https:\/\/www.rldatix.com\/se\/wp-content\/uploads\/sites\/9\/2024\/08\/logo-dark.svg\",\"caption\":\"RLDatix \u2013 Sweden\"},\"image\":{\"@id\":\"https:\/\/www.rldatix.com\/se\/#\/schema\/logo\/image\/\"},\"sameAs\":[\"https:\/\/www.linkedin.com\/company\/rldatix-ab\/\"],\"areaServed\":\"Worldwide\",\"parentOrganization\":{\"@id\":\"https:\/\/www.rldatix.com\/#organization\"}},{\"@type\":\"Person\",\"@id\":\"https:\/\/www.rldatix.com\/se\/#\/schema\/person\/e79a54c38bf2fc7c42a9d1e5da29e30a\",\"name\":\"Thomas Jackson\",\"image\":{\"@type\":\"ImageObject\",\"inLanguage\":\"sv-SE\",\"@id\":\"https:\/\/www.rldatix.com\/se\/#\/schema\/person\/image\/\",\"url\":\"https:\/\/secure.gravatar.com\/avatar\/7e8a68cfe6db9e3425020f0860733b81e9d61a3d29c41dfa02f3b7ea6c1927c1?s=96&d=mm&r=g\",\"contentUrl\":\"https:\/\/secure.gravatar.com\/avatar\/7e8a68cfe6db9e3425020f0860733b81e9d61a3d29c41dfa02f3b7ea6c1927c1?s=96&d=mm&r=g\",\"caption\":\"Thomas Jackson\"}},{\"@type\":\"Organization\",\"@id\":\"https:\/\/www.rldatix.com\/#organization\",\"name\":\"RLDatix\",\"url\":\"https:\/\/www.rldatix.com\/\"}]}<\/script>\n<!-- \/ Yoast SEO plugin. -->","yoast_head_json":{"title":"Fr\u00e5n motst\u00e5nd till m\u00f6jligheter - Resan mot h\u00e5llbar bemanning och f\u00f6rb\u00e4ttrad arbetsmilj\u00f6 i Lekebergs kommun | Sweden","description":"V\u00e5rdresurser fr\u00e5n RLDatix: Fr\u00e5n motst\u00e5nd till m\u00f6jligheter - Resan mot h\u00e5llbar bemanning och f\u00f6rb\u00e4ttrad arbetsmilj\u00f6 i Lekebergs kommun. Insikter, v\u00e4gledning och b\u00e4sta praxis f\u00f6r patients\u00e4kerhet och verksamhetsf\u00f6rb\u00e4ttring.","robots":{"index":"index","follow":"follow","max-snippet":"max-snippet:-1","max-image-preview":"max-image-preview:large","max-video-preview":"max-video-preview:-1"},"canonical":"https:\/\/www.rldatix.com\/se\/resources\/lekebergs-kommun\/","og_locale":"sv_SE","og_type":"article","og_title":"Fr\u00e5n motst\u00e5nd till m\u00f6jligheter - Resan mot h\u00e5llbar bemanning och f\u00f6rb\u00e4ttrad arbetsmilj\u00f6 i Lekebergs kommun | Sweden","og_description":"V\u00e5rdresurser fr\u00e5n RLDatix: Fr\u00e5n motst\u00e5nd till m\u00f6jligheter - Resan mot h\u00e5llbar bemanning och f\u00f6rb\u00e4ttrad arbetsmilj\u00f6 i Lekebergs kommun. Insikter, v\u00e4gledning och b\u00e4sta praxis f\u00f6r patients\u00e4kerhet och verksamhetsf\u00f6rb\u00e4ttring.","og_url":"https:\/\/www.rldatix.com\/se\/resources\/lekebergs-kommun\/","og_site_name":"Sweden","article_published_time":"2025-10-31T14:37:01+00:00","article_modified_time":"2026-04-23T07:59:04+00:00","og_image":[{"width":723,"height":472,"url":"https:\/\/www.rldatix.com\/se\/wp-content\/uploads\/sites\/9\/2025\/10\/Sweden-case-study-FI.png","type":"image\/png"}],"author":"Thomas Jackson","twitter_card":"summary_large_image","twitter_misc":{"Written by":"Thomas Jackson","Est. reading time":"4 minuter"},"schema":{"@context":"https:\/\/schema.org","@graph":[{"@type":"Article","@id":"https:\/\/www.rldatix.com\/se\/resources\/lekebergs-kommun\/#article","isPartOf":{"@id":"https:\/\/www.rldatix.com\/se\/resources\/lekebergs-kommun\/"},"author":{"name":"Thomas Jackson","@id":"https:\/\/www.rldatix.com\/se\/#\/schema\/person\/e79a54c38bf2fc7c42a9d1e5da29e30a"},"headline":"Fr\u00e5n motst\u00e5nd till m\u00f6jligheter &#8211; Resan mot h\u00e5llbar bemanning och f\u00f6rb\u00e4ttrad arbetsmilj\u00f6 i Lekebergs kommun","datePublished":"2025-10-31T14:37:01+00:00","dateModified":"2026-04-23T07:59:04+00:00","mainEntityOfPage":{"@id":"https:\/\/www.rldatix.com\/se\/resources\/lekebergs-kommun\/"},"wordCount":962,"publisher":{"@id":"https:\/\/www.rldatix.com\/se\/#organization"},"image":{"@id":"https:\/\/www.rldatix.com\/se\/resources\/lekebergs-kommun\/#primaryimage"},"thumbnailUrl":"https:\/\/www.rldatix.com\/se\/wp-content\/uploads\/sites\/9\/2025\/10\/Sweden-case-study-FI.png","articleSection":["Kundcase"],"inLanguage":"sv-SE"},{"@type":"WebPage","@id":"https:\/\/www.rldatix.com\/se\/resources\/lekebergs-kommun\/","url":"https:\/\/www.rldatix.com\/se\/resources\/lekebergs-kommun\/","name":"Fr\u00e5n motst\u00e5nd till m\u00f6jligheter - Resan mot h\u00e5llbar bemanning och f\u00f6rb\u00e4ttrad arbetsmilj\u00f6 i Lekebergs kommun | Sweden","isPartOf":{"@id":"https:\/\/www.rldatix.com\/se\/#website"},"primaryImageOfPage":{"@id":"https:\/\/www.rldatix.com\/se\/resources\/lekebergs-kommun\/#primaryimage"},"image":{"@id":"https:\/\/www.rldatix.com\/se\/resources\/lekebergs-kommun\/#primaryimage"},"thumbnailUrl":"https:\/\/www.rldatix.com\/se\/wp-content\/uploads\/sites\/9\/2025\/10\/Sweden-case-study-FI.png","datePublished":"2025-10-31T14:37:01+00:00","dateModified":"2026-04-23T07:59:04+00:00","description":"V\u00e5rdresurser fr\u00e5n RLDatix: Fr\u00e5n motst\u00e5nd till m\u00f6jligheter - Resan mot h\u00e5llbar bemanning och f\u00f6rb\u00e4ttrad arbetsmilj\u00f6 i Lekebergs kommun. Insikter, v\u00e4gledning och b\u00e4sta praxis f\u00f6r patients\u00e4kerhet och verksamhetsf\u00f6rb\u00e4ttring.","breadcrumb":{"@id":"https:\/\/www.rldatix.com\/se\/resources\/lekebergs-kommun\/#breadcrumb"},"inLanguage":"sv-SE","potentialAction":[{"@type":"ReadAction","target":["https:\/\/www.rldatix.com\/se\/resources\/lekebergs-kommun\/"]}],"about":{"@id":"https:\/\/www.rldatix.com\/se\/#organization"}},{"@type":"ImageObject","inLanguage":"sv-SE","@id":"https:\/\/www.rldatix.com\/se\/resources\/lekebergs-kommun\/#primaryimage","url":"https:\/\/www.rldatix.com\/se\/wp-content\/uploads\/sites\/9\/2025\/10\/Sweden-case-study-FI.png","contentUrl":"https:\/\/www.rldatix.com\/se\/wp-content\/uploads\/sites\/9\/2025\/10\/Sweden-case-study-FI.png","width":723,"height":472},{"@type":"BreadcrumbList","@id":"https:\/\/www.rldatix.com\/se\/resources\/lekebergs-kommun\/#breadcrumb","itemListElement":[{"@type":"ListItem","position":1,"name":"RLDatix \u2013 Sweden","item":"https:\/\/www.rldatix.com\/se\/"},{"@type":"ListItem","position":2,"name":"Fr\u00e5n motst\u00e5nd till m\u00f6jligheter &#8211; Resan mot h\u00e5llbar bemanning och f\u00f6rb\u00e4ttrad arbetsmilj\u00f6 i Lekebergs kommun"}]},{"@type":"WebSite","@id":"https:\/\/www.rldatix.com\/se\/#website","url":"https:\/\/www.rldatix.com\/se\/","name":"RLDatix \u2013 Sweden","description":"RLDatix, the real life decisions software solutions driving health in healthcare, helping organise, reduce harm, improve safety and strengthen patient and staff outcomes through systemwide decision making","publisher":{"@id":"https:\/\/www.rldatix.com\/se\/#organization"},"potentialAction":[{"@type":"SearchAction","target":{"@type":"EntryPoint","urlTemplate":"https:\/\/www.rldatix.com\/se\/?s={search_term_string}"},"query-input":{"@type":"PropertyValueSpecification","valueRequired":true,"valueName":"search_term_string"}}],"inLanguage":"sv-SE"},{"@type":"Organization","@id":"https:\/\/www.rldatix.com\/se\/#organization","name":"RLDatix \u2013 Sweden","url":"https:\/\/www.rldatix.com\/se\/","logo":{"@type":"ImageObject","inLanguage":"sv-SE","@id":"https:\/\/www.rldatix.com\/se\/#\/schema\/logo\/image\/","url":"https:\/\/www.rldatix.com\/se\/wp-content\/uploads\/sites\/9\/2024\/08\/logo-dark.svg","contentUrl":"https:\/\/www.rldatix.com\/se\/wp-content\/uploads\/sites\/9\/2024\/08\/logo-dark.svg","caption":"RLDatix \u2013 Sweden"},"image":{"@id":"https:\/\/www.rldatix.com\/se\/#\/schema\/logo\/image\/"},"sameAs":["https:\/\/www.linkedin.com\/company\/rldatix-ab\/"],"areaServed":"Worldwide","parentOrganization":{"@id":"https:\/\/www.rldatix.com\/#organization"}},{"@type":"Person","@id":"https:\/\/www.rldatix.com\/se\/#\/schema\/person\/e79a54c38bf2fc7c42a9d1e5da29e30a","name":"Thomas Jackson","image":{"@type":"ImageObject","inLanguage":"sv-SE","@id":"https:\/\/www.rldatix.com\/se\/#\/schema\/person\/image\/","url":"https:\/\/secure.gravatar.com\/avatar\/7e8a68cfe6db9e3425020f0860733b81e9d61a3d29c41dfa02f3b7ea6c1927c1?s=96&d=mm&r=g","contentUrl":"https:\/\/secure.gravatar.com\/avatar\/7e8a68cfe6db9e3425020f0860733b81e9d61a3d29c41dfa02f3b7ea6c1927c1?s=96&d=mm&r=g","caption":"Thomas Jackson"}},{"@type":"Organization","@id":"https:\/\/www.rldatix.com\/#organization","name":"RLDatix","url":"https:\/\/www.rldatix.com\/"}]}},"_links":{"self":[{"href":"https:\/\/www.rldatix.com\/se\/wp-json\/wp\/v2\/posts\/7945","targetHints":{"allow":["GET"]}}],"collection":[{"href":"https:\/\/www.rldatix.com\/se\/wp-json\/wp\/v2\/posts"}],"about":[{"href":"https:\/\/www.rldatix.com\/se\/wp-json\/wp\/v2\/types\/post"}],"author":[{"embeddable":true,"href":"https:\/\/www.rldatix.com\/se\/wp-json\/wp\/v2\/users\/10"}],"replies":[{"embeddable":true,"href":"https:\/\/www.rldatix.com\/se\/wp-json\/wp\/v2\/comments?post=7945"}],"version-history":[{"count":0,"href":"https:\/\/www.rldatix.com\/se\/wp-json\/wp\/v2\/posts\/7945\/revisions"}],"wp:featuredmedia":[{"embeddable":true,"href":"https:\/\/www.rldatix.com\/se\/wp-json\/wp\/v2\/media\/7947"}],"wp:attachment":[{"href":"https:\/\/www.rldatix.com\/se\/wp-json\/wp\/v2\/media?parent=7945"}],"wp:term":[{"taxonomy":"category","embeddable":true,"href":"https:\/\/www.rldatix.com\/se\/wp-json\/wp\/v2\/categories?post=7945"},{"taxonomy":"post_tag","embeddable":true,"href":"https:\/\/www.rldatix.com\/se\/wp-json\/wp\/v2\/tags?post=7945"}],"curies":[{"name":"wp","href":"https:\/\/api.w.org\/{rel}","templated":true}]}}