{"id":8335,"date":"2025-11-27T10:53:00","date_gmt":"2025-11-27T09:53:00","guid":{"rendered":"https:\/\/www.rldatix.com\/se\/?p=8335"},"modified":"2026-04-27T11:02:30","modified_gmt":"2026-04-27T10:02:30","slug":"bemanningssatsningen-i-vasteras-stad","status":"publish","type":"post","link":"https:\/\/www.rldatix.com\/se\/resources\/bemanningssatsningen-i-vasteras-stad\/","title":{"rendered":"Bemanningssatsningen i V\u00e4ster\u00e5s stad"},"content":{"rendered":"\n<p><strong>Under 2022 identifierades det att ekonomer och chefer inom V\u00e5rd- och omsorgsf\u00f6rvaltningen hade olika kunskap om bemanning och schemal\u00e4ggning, vilket ledde till olika tolkningar av bemanningsregler.<\/strong><br><strong>F\u00f6r att f\u00f6rb\u00e4ttra situationen inleddes en bemanningssatsning 2023, med m\u00e5let att skapa en mer effektiv och v\u00e4lfungerande bemanningsstruktur genom utbildning, inspiration och tekniska f\u00f6rb\u00e4ttringar.<\/strong><\/p>\n\n\n\n<div style=\"height:25px\" aria-hidden=\"true\" class=\"wp-block-spacer\"><\/div>\n\n\n\n<p><strong>Time Care Forum<\/strong><br>Gav inspiration fr\u00e5n b\u00e5de RLDatix och andra kollegor runt om i kommunsverige.<\/p>\n\n\n\n<p><strong>Controllermodulen<\/strong><br>Ett redskap som ger m\u00f6jlighet till planering och uppf\u00f6ljning, vilket gett tydliga resultat<\/p>\n\n\n\n<p><strong>Utbildningar<\/strong><br>Med hj\u00e4lp av utbildningarna s\u00e5 har det lett till ett gemensamt arbetss\u00e4tt<\/p>\n\n\n\n<p><strong>Styrning<\/strong><br>Tydlig styrning, kompetensutveckling och st\u00f6djande struktur har varit framg\u00e5ngsfaktorer i satsningen<\/p>\n\n\n\n<blockquote class=\"wp-block-quote is-layout-flow wp-block-quote-is-layout-flow\">\n<p>\u201cBemanningssatsningarna tillsammans med controllermodulen som verktyg har gjort att vi kunnat spara miljoner\u201d<\/p>\n<cite>Ylva Neidenmark<br>Controller ,V\u00e4ster\u00e5s Stad<\/cite><\/blockquote>\n\n\n\n<h2 class=\"wp-block-heading\">Bemanningssatsningen<\/h2>\n\n\n\n<p><strong>2023 deltog Eva Hedlund och Ylva Neidenmark p\u00e5 Time Care Forum.<\/strong><br><strong>Under dessa dagar delade de upp sig p\u00e5 olika f\u00f6rel\u00e4sningar och kom hem med inspiration fr\u00e5n b\u00e5de RLDatix och andra kollegor runt om i kommun Sverige.<\/strong><br><strong>De tog med sig m\u00e5nga id\u00e9er hem till V\u00e4ster\u00e5s och b\u00f6rjade fundera p\u00e5 vad de kunde g\u00f6ra i sin kommun baserat p\u00e5 de insikter de f\u00e5tt under dessa inneh\u00e5llsrika dagar.<\/strong><br><strong>HR-chefen st\u00e4llde en fr\u00e5ga d\u00e4r Ylva blev erbjuden en 30-minuters slot p\u00e5 deras utvecklingsforum, d\u00e4r st\u00f6dprocesserna tr\u00e4ffar enhetschefer.<\/strong><br><strong>Ylva bad Eva att delta f\u00f6r att framf\u00f6ra deras syn p\u00e5 vad som beh\u00f6vde g\u00f6ras f\u00f6r att v\u00e4nda de d\u00e5liga siffrorna.<\/strong><\/p>\n\n\n\n<p>Under en l\u00e4ngre tid har det funnits stora utmaningar inom bemanning och schemal\u00e4ggning.<br>Cheferna hade olika kunskaper om schemaregler och bemanning, vilket ledde till ineffektivitet och frustration. Det fanns ocks\u00e5 problem med att f\u00e5 ut arbetstider n\u00e4r det beh\u00f6vdes, vilket resulterade i m\u00e5nga vakanta pass och \u00f6vertalig tid som inte kunde anv\u00e4ndas effektivt.<br>Stor frustration bland cheferna, s\u00e4rskilt eftersom heltid som norm precis hade startat och delade turer hade tagits bort.<br><br>Det blev tydligt att det beh\u00f6vdes satsningar p\u00e5 utbildning och enhetliga schemaregler f\u00f6r att skapa en mer effektiv och v\u00e4lfungerande bemanningsstruktur.<br>Ekonomin h\u00f6ll inte, och kostnaderna var f\u00f6r h\u00f6ga. Trots f\u00f6rs\u00f6k att hitta en budget som skulle h\u00e5lla, visade uppf\u00f6ljningarna att siffrorna var f\u00f6r h\u00f6ga och att kostnaderna m\u00e5ste minska. Det beh\u00f6vdes en f\u00f6r\u00e4ndring f\u00f6r att dra ner p\u00e5 timmar och kostnader.<br><br>Ett webinar som RLDatix gjort tillsammans med en annan kommun om anv\u00e4ndningen av controllermodulen gav ytterligare inspiration.<br>I ett teamsm\u00f6te med en representant fr\u00e5n den kommunen som deltog i webinaret och som anv\u00e4nder sig av controllermodulen visade p\u00e5 m\u00f6jligheter att f\u00f6rb\u00e4ttra uppf\u00f6ljningen och effektiviteten.<\/p>\n\n\n\n<div style=\"height:25px\" aria-hidden=\"true\" class=\"wp-block-spacer\"><\/div>\n\n\n\n<p><strong>Tidslinje f\u00f6r bemanningssatsningen<\/strong><\/p>\n\n\n\n<ul class=\"wp-block-list\">\n<li><strong>Under 2022:<\/strong> Identifieras utmaningar och det b\u00f6rjar s\u00f6kas efter l\u00f6sningar<\/li>\n\n\n\n<li><strong>Februari 2023:<\/strong> Inspiration fr\u00e5n Time Care Forum.<\/li>\n\n\n\n<li><strong>April 2023:<\/strong> Beslut om bemanningsplanering och utbildning.<\/li>\n\n\n\n<li><strong>Augusti 2023:<\/strong> Start av Bemanningsakademi f\u00f6r chefer och assistenter.<\/li>\n\n\n\n<li><strong>Oktober 2023:<\/strong> Inspirationsf\u00f6rel\u00e4sning och sk\u00e4rpning i lagen om vila.<\/li>\n\n\n\n<li><strong>November 2023:<\/strong> Identifiering av IT-prestandaproblem och fortsatt arbete med systembuggar och integrationer.<\/li>\n\n\n\n<li><strong>December 2023:<\/strong> Inf\u00f6rande av Controllermodulen f\u00f6r b\u00e4ttre uppf\u00f6ljning.<\/li>\n<\/ul>\n\n\n\n<blockquote class=\"wp-block-quote is-layout-flow wp-block-quote-is-layout-flow\">\n<p>&#8221;Vi pratade inte samma spr\u00e5k, de pratar tid, schema och bemanning och jag pratar pengar.&#8221;<\/p>\n<cite>Ylva Neidenmark<br>Controller , V\u00e4ster\u00e5s Stad<\/cite><\/blockquote>\n\n\n\n<h2 class=\"wp-block-heading\">Utmaningen<\/h2>\n\n\n\n<p>Projektet m\u00f6tte flera utmaningar, inklusive internt motst\u00e5nd, tekniska problem, motst\u00e5nd fr\u00e5n fackf\u00f6rbund, ins\u00e4ndare i lokal media, samt kommunikationssv\u00e5righeter.<br>Dessa hinder p\u00e5verkade projektets framsteg och kr\u00e4vde extra tid och resurser f\u00f6r att \u00e5tg\u00e4rda.<\/p>\n\n\n\n<div style=\"height:25px\" aria-hidden=\"true\" class=\"wp-block-spacer\"><\/div>\n\n\n\n<h2 class=\"wp-block-heading\">Resultat<\/h2>\n\n\n\n<p>Resultat n\u00e4r vi m\u00e4ter skillnad mellan september 2024 och mars 2025.<br>I mars h\u00f6ll sig all planerad bemanning inom budget, anv\u00e4ndningen av \u00f6verkapacitet f\u00f6rb\u00e4ttrades med 23%, \u00f6vertiden halverades och 1000 timmar f\u00e4rre vikarietid anv\u00e4ndes. Dessa resultat visar p\u00e5 en betydande f\u00f6rb\u00e4ttring av bemanningsstrukturen och effektiviteten inom f\u00f6rvaltningen.<\/p>\n\n\n\n<div style=\"height:25px\" aria-hidden=\"true\" class=\"wp-block-spacer\"><\/div>\n\n\n\n<h2 class=\"wp-block-heading\">Framg\u00e5ngsfaktorer<\/h2>\n\n\n\n<p>Projektets framg\u00e5ng byggde p\u00e5 tydlig styrning, kontinuerlig kompetensutveckling och en st\u00f6djande struktur.<br>Genom att fokusera p\u00e5 dessa nyckelomr\u00e5den lyckades V\u00e5rd- och omsorgsf\u00f6rvaltningen hantera m\u00e5nga av de utmaningar som uppstod under projektets g\u00e5ng.<br>En avg\u00f6rande faktor var inf\u00f6randet av ett f\u00f6r\u00e4ndrat arbetss\u00e4tt kring bemanning. Detta inkluderade bland annat kortare nattpass, nio fridagar, arbete enligt f\u00e4rdiga scheman samt f\u00f6rb\u00e4ttrad uppf\u00f6ljning och planering.<br>Vid planering av kommande scheman har controllermodulen visat sig vara ett mycket v\u00e4rdefullt verktyg.<\/p>\n\n\n\n<div style=\"height:25px\" aria-hidden=\"true\" class=\"wp-block-spacer\"><\/div>\n\n\n\n<h2 class=\"wp-block-heading\">Utbildningar<\/h2>\n\n\n\n<p>Startskottet f\u00f6r Bemanningsakademin f\u00f6r alla chefer inom v\u00e5rd och omsorg blev h\u00f6sten 2023.<br>Ann-Charlotte och Gunilla fr\u00e5n RLDatix var konsulterna som ledde utbildningarna med stor framg\u00e5ng!<br><br>Genom tydligare schemaregler och \u00e4ndrat arbetss\u00e4tt som inneb\u00e4r att aktivt f\u00f6r\u00e4ndra schema utifr\u00e5n de f\u00f6r\u00e4ndringar som sker under perioden fick de mer fakta att f\u00f6lja upp.<br>\u00c4ven Controllermodulen inf\u00f6rdes i slutet av 2023, som visade sig vara ett redskap som ger m\u00f6jlighet till planering och uppf\u00f6ljning, vilket gav tydliga resultat!<\/p>\n\n\n\n<p>Fantastiskt!<\/p>\n\n\n\n<div style=\"height:25px\" aria-hidden=\"true\" class=\"wp-block-spacer\"><\/div>\n\n\n\n<h2 class=\"wp-block-heading\">Framtiden<\/h2>\n\n\n\n<p>F\u00f6rvaltningen planerar att forts\u00e4tta f\u00f6lja upp och st\u00f6dja enheterna, \u00f6ka samarbetet mellan enheter, minska behovet av tillf\u00e4llig personal och b\u00e4ttre utnyttja kompetensen inom f\u00f6rvaltningen. <br>Genom att testa fler id\u00e9er i olika pilotprojekt hoppas de kunna forts\u00e4tta f\u00f6rb\u00e4ttra bemanningsstrategin och skapa en \u00e4nnu mer effektiv och v\u00e4lfungerande organisation<\/p>\n\n\n\n<div style=\"height:25px\" aria-hidden=\"true\" class=\"wp-block-spacer\"><\/div>\n\n\n\n<div class=\"wp-block-buttons is-layout-flex wp-block-buttons-is-layout-flex\">\n<div class=\"wp-block-button\"><a class=\"wp-block-button__link wp-element-button\" href=\"https:\/\/www.rldatix.com\/se\/wp-content\/uploads\/sites\/9\/2026\/04\/Vasteras-stad-Bemanningssatsningen.pdf\" target=\"_blank\" rel=\"noreferrer noopener\">Ladda ner kundcaset<\/a><\/div>\n<\/div>\n\n\n\n<p><\/p>\n","protected":false},"excerpt":{"rendered":"<p>Under 2022 identifierades det att ekonomer och chefer inom V\u00e5rd- och omsorgsf\u00f6rvaltningen hade olika kunskap&#8230;<\/p>\n","protected":false},"author":44,"featured_media":8336,"comment_status":"closed","ping_status":"closed","sticky":false,"template":"","format":"standard","meta":{"_acf_changed":false,"inline_featured_image":false,"footnotes":""},"categories":[250],"tags":[],"class_list":["post-8335","post","type-post","status-publish","format-standard","has-post-thumbnail","hentry","category-kundcase","primary-category-kundcase"],"acf":[],"yoast_head":"<!-- This site is optimized with the Yoast SEO plugin v25.5 - https:\/\/yoast.com\/wordpress\/plugins\/seo\/ -->\n<title>Bemanningssatsningen i V\u00e4ster\u00e5s stad | Sweden<\/title>\n<meta name=\"description\" content=\"V\u00e5rdresurser fr\u00e5n RLDatix: Bemanningssatsningen i V\u00e4ster\u00e5s stad. Insikter, v\u00e4gledning och b\u00e4sta praxis f\u00f6r patients\u00e4kerhet och verksamhetsf\u00f6rb\u00e4ttring.\" \/>\n<meta name=\"robots\" content=\"index, follow, max-snippet:-1, max-image-preview:large, max-video-preview:-1\" \/>\n<link rel=\"canonical\" href=\"https:\/\/www.rldatix.com\/se\/resources\/bemanningssatsningen-i-vasteras-stad\/\" \/>\n<meta property=\"og:locale\" content=\"sv_SE\" \/>\n<meta property=\"og:type\" content=\"article\" \/>\n<meta property=\"og:title\" content=\"Bemanningssatsningen i V\u00e4ster\u00e5s stad | Sweden\" \/>\n<meta property=\"og:description\" content=\"V\u00e5rdresurser fr\u00e5n RLDatix: Bemanningssatsningen i V\u00e4ster\u00e5s stad. Insikter, v\u00e4gledning och b\u00e4sta praxis f\u00f6r patients\u00e4kerhet och verksamhetsf\u00f6rb\u00e4ttring.\" \/>\n<meta property=\"og:url\" content=\"https:\/\/www.rldatix.com\/se\/resources\/bemanningssatsningen-i-vasteras-stad\/\" \/>\n<meta property=\"og:site_name\" content=\"Sweden\" \/>\n<meta property=\"article:published_time\" content=\"2025-11-27T09:53:00+00:00\" \/>\n<meta property=\"article:modified_time\" content=\"2026-04-27T10:02:30+00:00\" \/>\n<meta property=\"og:image\" content=\"https:\/\/www.rldatix.com\/se\/wp-content\/uploads\/sites\/9\/2026\/04\/Vasteras-stad.png\" \/>\n\t<meta property=\"og:image:width\" content=\"1080\" \/>\n\t<meta property=\"og:image:height\" content=\"800\" \/>\n\t<meta property=\"og:image:type\" content=\"image\/png\" \/>\n<meta name=\"author\" content=\"Helena Wikell Delin\" \/>\n<meta name=\"twitter:card\" content=\"summary_large_image\" \/>\n<meta name=\"twitter:label1\" content=\"Written by\" \/>\n\t<meta name=\"twitter:data1\" content=\"Helena Wikell Delin\" \/>\n\t<meta name=\"twitter:label2\" content=\"Est. reading time\" \/>\n\t<meta name=\"twitter:data2\" content=\"4 minuter\" \/>\n<script type=\"application\/ld+json\" class=\"yoast-schema-graph\">{\"@context\":\"https:\/\/schema.org\",\"@graph\":[{\"@type\":\"Article\",\"@id\":\"https:\/\/www.rldatix.com\/se\/resources\/bemanningssatsningen-i-vasteras-stad\/#article\",\"isPartOf\":{\"@id\":\"https:\/\/www.rldatix.com\/se\/resources\/bemanningssatsningen-i-vasteras-stad\/\"},\"author\":{\"name\":\"Helena Wikell Delin\",\"@id\":\"https:\/\/www.rldatix.com\/se\/#\/schema\/person\/345be77c39aa2ba4f98cc67290746ca0\"},\"headline\":\"Bemanningssatsningen i V\u00e4ster\u00e5s stad\",\"datePublished\":\"2025-11-27T09:53:00+00:00\",\"dateModified\":\"2026-04-27T10:02:30+00:00\",\"mainEntityOfPage\":{\"@id\":\"https:\/\/www.rldatix.com\/se\/resources\/bemanningssatsningen-i-vasteras-stad\/\"},\"wordCount\":926,\"publisher\":{\"@id\":\"https:\/\/www.rldatix.com\/se\/#organization\"},\"image\":{\"@id\":\"https:\/\/www.rldatix.com\/se\/resources\/bemanningssatsningen-i-vasteras-stad\/#primaryimage\"},\"thumbnailUrl\":\"https:\/\/www.rldatix.com\/se\/wp-content\/uploads\/sites\/9\/2026\/04\/Vasteras-stad.png\",\"articleSection\":[\"Kundcase\"],\"inLanguage\":\"sv-SE\"},{\"@type\":\"WebPage\",\"@id\":\"https:\/\/www.rldatix.com\/se\/resources\/bemanningssatsningen-i-vasteras-stad\/\",\"url\":\"https:\/\/www.rldatix.com\/se\/resources\/bemanningssatsningen-i-vasteras-stad\/\",\"name\":\"Bemanningssatsningen i V\u00e4ster\u00e5s stad | Sweden\",\"isPartOf\":{\"@id\":\"https:\/\/www.rldatix.com\/se\/#website\"},\"primaryImageOfPage\":{\"@id\":\"https:\/\/www.rldatix.com\/se\/resources\/bemanningssatsningen-i-vasteras-stad\/#primaryimage\"},\"image\":{\"@id\":\"https:\/\/www.rldatix.com\/se\/resources\/bemanningssatsningen-i-vasteras-stad\/#primaryimage\"},\"thumbnailUrl\":\"https:\/\/www.rldatix.com\/se\/wp-content\/uploads\/sites\/9\/2026\/04\/Vasteras-stad.png\",\"datePublished\":\"2025-11-27T09:53:00+00:00\",\"dateModified\":\"2026-04-27T10:02:30+00:00\",\"description\":\"V\u00e5rdresurser fr\u00e5n RLDatix: Bemanningssatsningen i V\u00e4ster\u00e5s stad. Insikter, v\u00e4gledning och b\u00e4sta praxis f\u00f6r patients\u00e4kerhet och verksamhetsf\u00f6rb\u00e4ttring.\",\"breadcrumb\":{\"@id\":\"https:\/\/www.rldatix.com\/se\/resources\/bemanningssatsningen-i-vasteras-stad\/#breadcrumb\"},\"inLanguage\":\"sv-SE\",\"potentialAction\":[{\"@type\":\"ReadAction\",\"target\":[\"https:\/\/www.rldatix.com\/se\/resources\/bemanningssatsningen-i-vasteras-stad\/\"]}],\"about\":{\"@id\":\"https:\/\/www.rldatix.com\/se\/#organization\"}},{\"@type\":\"ImageObject\",\"inLanguage\":\"sv-SE\",\"@id\":\"https:\/\/www.rldatix.com\/se\/resources\/bemanningssatsningen-i-vasteras-stad\/#primaryimage\",\"url\":\"https:\/\/www.rldatix.com\/se\/wp-content\/uploads\/sites\/9\/2026\/04\/Vasteras-stad.png\",\"contentUrl\":\"https:\/\/www.rldatix.com\/se\/wp-content\/uploads\/sites\/9\/2026\/04\/Vasteras-stad.png\",\"width\":1080,\"height\":800},{\"@type\":\"BreadcrumbList\",\"@id\":\"https:\/\/www.rldatix.com\/se\/resources\/bemanningssatsningen-i-vasteras-stad\/#breadcrumb\",\"itemListElement\":[{\"@type\":\"ListItem\",\"position\":1,\"name\":\"RLDatix \u2013 Sweden\",\"item\":\"https:\/\/www.rldatix.com\/se\/\"},{\"@type\":\"ListItem\",\"position\":2,\"name\":\"Bemanningssatsningen i V\u00e4ster\u00e5s stad\"}]},{\"@type\":\"WebSite\",\"@id\":\"https:\/\/www.rldatix.com\/se\/#website\",\"url\":\"https:\/\/www.rldatix.com\/se\/\",\"name\":\"RLDatix \u2013 Sweden\",\"description\":\"RLDatix, the real life decisions software solutions driving health in healthcare, helping organise, reduce harm, improve safety and strengthen patient and staff outcomes through systemwide decision making\",\"publisher\":{\"@id\":\"https:\/\/www.rldatix.com\/se\/#organization\"},\"potentialAction\":[{\"@type\":\"SearchAction\",\"target\":{\"@type\":\"EntryPoint\",\"urlTemplate\":\"https:\/\/www.rldatix.com\/se\/?s={search_term_string}\"},\"query-input\":{\"@type\":\"PropertyValueSpecification\",\"valueRequired\":true,\"valueName\":\"search_term_string\"}}],\"inLanguage\":\"sv-SE\"},{\"@type\":\"Organization\",\"@id\":\"https:\/\/www.rldatix.com\/se\/#organization\",\"name\":\"RLDatix \u2013 Sweden\",\"url\":\"https:\/\/www.rldatix.com\/se\/\",\"logo\":{\"@type\":\"ImageObject\",\"inLanguage\":\"sv-SE\",\"@id\":\"https:\/\/www.rldatix.com\/se\/#\/schema\/logo\/image\/\",\"url\":\"https:\/\/www.rldatix.com\/se\/wp-content\/uploads\/sites\/9\/2024\/08\/logo-dark.svg\",\"contentUrl\":\"https:\/\/www.rldatix.com\/se\/wp-content\/uploads\/sites\/9\/2024\/08\/logo-dark.svg\",\"caption\":\"RLDatix \u2013 Sweden\"},\"image\":{\"@id\":\"https:\/\/www.rldatix.com\/se\/#\/schema\/logo\/image\/\"},\"sameAs\":[\"https:\/\/www.linkedin.com\/company\/rldatix-ab\/\"],\"areaServed\":\"Worldwide\",\"parentOrganization\":{\"@id\":\"https:\/\/www.rldatix.com\/#organization\"}},{\"@type\":\"Person\",\"@id\":\"https:\/\/www.rldatix.com\/se\/#\/schema\/person\/345be77c39aa2ba4f98cc67290746ca0\",\"name\":\"Helena Wikell Delin\",\"image\":{\"@type\":\"ImageObject\",\"inLanguage\":\"sv-SE\",\"@id\":\"https:\/\/www.rldatix.com\/se\/#\/schema\/person\/image\/\",\"url\":\"https:\/\/secure.gravatar.com\/avatar\/c32d833eb3d5779a2e677ef0a4e21594cc08f8e561cf4805023134bcdbd3888d?s=96&d=mm&r=g\",\"contentUrl\":\"https:\/\/secure.gravatar.com\/avatar\/c32d833eb3d5779a2e677ef0a4e21594cc08f8e561cf4805023134bcdbd3888d?s=96&d=mm&r=g\",\"caption\":\"Helena Wikell Delin\"}},{\"@type\":\"Organization\",\"@id\":\"https:\/\/www.rldatix.com\/#organization\",\"name\":\"RLDatix\",\"url\":\"https:\/\/www.rldatix.com\/\"}]}<\/script>\n<!-- \/ Yoast SEO plugin. -->","yoast_head_json":{"title":"Bemanningssatsningen i V\u00e4ster\u00e5s stad | Sweden","description":"V\u00e5rdresurser fr\u00e5n RLDatix: Bemanningssatsningen i V\u00e4ster\u00e5s stad. Insikter, v\u00e4gledning och b\u00e4sta praxis f\u00f6r patients\u00e4kerhet och verksamhetsf\u00f6rb\u00e4ttring.","robots":{"index":"index","follow":"follow","max-snippet":"max-snippet:-1","max-image-preview":"max-image-preview:large","max-video-preview":"max-video-preview:-1"},"canonical":"https:\/\/www.rldatix.com\/se\/resources\/bemanningssatsningen-i-vasteras-stad\/","og_locale":"sv_SE","og_type":"article","og_title":"Bemanningssatsningen i V\u00e4ster\u00e5s stad | Sweden","og_description":"V\u00e5rdresurser fr\u00e5n RLDatix: Bemanningssatsningen i V\u00e4ster\u00e5s stad. Insikter, v\u00e4gledning och b\u00e4sta praxis f\u00f6r patients\u00e4kerhet och verksamhetsf\u00f6rb\u00e4ttring.","og_url":"https:\/\/www.rldatix.com\/se\/resources\/bemanningssatsningen-i-vasteras-stad\/","og_site_name":"Sweden","article_published_time":"2025-11-27T09:53:00+00:00","article_modified_time":"2026-04-27T10:02:30+00:00","og_image":[{"width":1080,"height":800,"url":"https:\/\/www.rldatix.com\/se\/wp-content\/uploads\/sites\/9\/2026\/04\/Vasteras-stad.png","type":"image\/png"}],"author":"Helena Wikell Delin","twitter_card":"summary_large_image","twitter_misc":{"Written by":"Helena Wikell Delin","Est. reading time":"4 minuter"},"schema":{"@context":"https:\/\/schema.org","@graph":[{"@type":"Article","@id":"https:\/\/www.rldatix.com\/se\/resources\/bemanningssatsningen-i-vasteras-stad\/#article","isPartOf":{"@id":"https:\/\/www.rldatix.com\/se\/resources\/bemanningssatsningen-i-vasteras-stad\/"},"author":{"name":"Helena Wikell Delin","@id":"https:\/\/www.rldatix.com\/se\/#\/schema\/person\/345be77c39aa2ba4f98cc67290746ca0"},"headline":"Bemanningssatsningen i V\u00e4ster\u00e5s stad","datePublished":"2025-11-27T09:53:00+00:00","dateModified":"2026-04-27T10:02:30+00:00","mainEntityOfPage":{"@id":"https:\/\/www.rldatix.com\/se\/resources\/bemanningssatsningen-i-vasteras-stad\/"},"wordCount":926,"publisher":{"@id":"https:\/\/www.rldatix.com\/se\/#organization"},"image":{"@id":"https:\/\/www.rldatix.com\/se\/resources\/bemanningssatsningen-i-vasteras-stad\/#primaryimage"},"thumbnailUrl":"https:\/\/www.rldatix.com\/se\/wp-content\/uploads\/sites\/9\/2026\/04\/Vasteras-stad.png","articleSection":["Kundcase"],"inLanguage":"sv-SE"},{"@type":"WebPage","@id":"https:\/\/www.rldatix.com\/se\/resources\/bemanningssatsningen-i-vasteras-stad\/","url":"https:\/\/www.rldatix.com\/se\/resources\/bemanningssatsningen-i-vasteras-stad\/","name":"Bemanningssatsningen i V\u00e4ster\u00e5s stad | Sweden","isPartOf":{"@id":"https:\/\/www.rldatix.com\/se\/#website"},"primaryImageOfPage":{"@id":"https:\/\/www.rldatix.com\/se\/resources\/bemanningssatsningen-i-vasteras-stad\/#primaryimage"},"image":{"@id":"https:\/\/www.rldatix.com\/se\/resources\/bemanningssatsningen-i-vasteras-stad\/#primaryimage"},"thumbnailUrl":"https:\/\/www.rldatix.com\/se\/wp-content\/uploads\/sites\/9\/2026\/04\/Vasteras-stad.png","datePublished":"2025-11-27T09:53:00+00:00","dateModified":"2026-04-27T10:02:30+00:00","description":"V\u00e5rdresurser fr\u00e5n RLDatix: Bemanningssatsningen i V\u00e4ster\u00e5s stad. Insikter, v\u00e4gledning och b\u00e4sta praxis f\u00f6r patients\u00e4kerhet och verksamhetsf\u00f6rb\u00e4ttring.","breadcrumb":{"@id":"https:\/\/www.rldatix.com\/se\/resources\/bemanningssatsningen-i-vasteras-stad\/#breadcrumb"},"inLanguage":"sv-SE","potentialAction":[{"@type":"ReadAction","target":["https:\/\/www.rldatix.com\/se\/resources\/bemanningssatsningen-i-vasteras-stad\/"]}],"about":{"@id":"https:\/\/www.rldatix.com\/se\/#organization"}},{"@type":"ImageObject","inLanguage":"sv-SE","@id":"https:\/\/www.rldatix.com\/se\/resources\/bemanningssatsningen-i-vasteras-stad\/#primaryimage","url":"https:\/\/www.rldatix.com\/se\/wp-content\/uploads\/sites\/9\/2026\/04\/Vasteras-stad.png","contentUrl":"https:\/\/www.rldatix.com\/se\/wp-content\/uploads\/sites\/9\/2026\/04\/Vasteras-stad.png","width":1080,"height":800},{"@type":"BreadcrumbList","@id":"https:\/\/www.rldatix.com\/se\/resources\/bemanningssatsningen-i-vasteras-stad\/#breadcrumb","itemListElement":[{"@type":"ListItem","position":1,"name":"RLDatix \u2013 Sweden","item":"https:\/\/www.rldatix.com\/se\/"},{"@type":"ListItem","position":2,"name":"Bemanningssatsningen i V\u00e4ster\u00e5s stad"}]},{"@type":"WebSite","@id":"https:\/\/www.rldatix.com\/se\/#website","url":"https:\/\/www.rldatix.com\/se\/","name":"RLDatix \u2013 Sweden","description":"RLDatix, the real life decisions software solutions driving health in healthcare, helping organise, reduce harm, improve safety and strengthen patient and staff outcomes through systemwide decision making","publisher":{"@id":"https:\/\/www.rldatix.com\/se\/#organization"},"potentialAction":[{"@type":"SearchAction","target":{"@type":"EntryPoint","urlTemplate":"https:\/\/www.rldatix.com\/se\/?s={search_term_string}"},"query-input":{"@type":"PropertyValueSpecification","valueRequired":true,"valueName":"search_term_string"}}],"inLanguage":"sv-SE"},{"@type":"Organization","@id":"https:\/\/www.rldatix.com\/se\/#organization","name":"RLDatix \u2013 Sweden","url":"https:\/\/www.rldatix.com\/se\/","logo":{"@type":"ImageObject","inLanguage":"sv-SE","@id":"https:\/\/www.rldatix.com\/se\/#\/schema\/logo\/image\/","url":"https:\/\/www.rldatix.com\/se\/wp-content\/uploads\/sites\/9\/2024\/08\/logo-dark.svg","contentUrl":"https:\/\/www.rldatix.com\/se\/wp-content\/uploads\/sites\/9\/2024\/08\/logo-dark.svg","caption":"RLDatix \u2013 Sweden"},"image":{"@id":"https:\/\/www.rldatix.com\/se\/#\/schema\/logo\/image\/"},"sameAs":["https:\/\/www.linkedin.com\/company\/rldatix-ab\/"],"areaServed":"Worldwide","parentOrganization":{"@id":"https:\/\/www.rldatix.com\/#organization"}},{"@type":"Person","@id":"https:\/\/www.rldatix.com\/se\/#\/schema\/person\/345be77c39aa2ba4f98cc67290746ca0","name":"Helena Wikell Delin","image":{"@type":"ImageObject","inLanguage":"sv-SE","@id":"https:\/\/www.rldatix.com\/se\/#\/schema\/person\/image\/","url":"https:\/\/secure.gravatar.com\/avatar\/c32d833eb3d5779a2e677ef0a4e21594cc08f8e561cf4805023134bcdbd3888d?s=96&d=mm&r=g","contentUrl":"https:\/\/secure.gravatar.com\/avatar\/c32d833eb3d5779a2e677ef0a4e21594cc08f8e561cf4805023134bcdbd3888d?s=96&d=mm&r=g","caption":"Helena Wikell Delin"}},{"@type":"Organization","@id":"https:\/\/www.rldatix.com\/#organization","name":"RLDatix","url":"https:\/\/www.rldatix.com\/"}]}},"_links":{"self":[{"href":"https:\/\/www.rldatix.com\/se\/wp-json\/wp\/v2\/posts\/8335","targetHints":{"allow":["GET"]}}],"collection":[{"href":"https:\/\/www.rldatix.com\/se\/wp-json\/wp\/v2\/posts"}],"about":[{"href":"https:\/\/www.rldatix.com\/se\/wp-json\/wp\/v2\/types\/post"}],"author":[{"embeddable":true,"href":"https:\/\/www.rldatix.com\/se\/wp-json\/wp\/v2\/users\/44"}],"replies":[{"embeddable":true,"href":"https:\/\/www.rldatix.com\/se\/wp-json\/wp\/v2\/comments?post=8335"}],"version-history":[{"count":0,"href":"https:\/\/www.rldatix.com\/se\/wp-json\/wp\/v2\/posts\/8335\/revisions"}],"wp:featuredmedia":[{"embeddable":true,"href":"https:\/\/www.rldatix.com\/se\/wp-json\/wp\/v2\/media\/8336"}],"wp:attachment":[{"href":"https:\/\/www.rldatix.com\/se\/wp-json\/wp\/v2\/media?parent=8335"}],"wp:term":[{"taxonomy":"category","embeddable":true,"href":"https:\/\/www.rldatix.com\/se\/wp-json\/wp\/v2\/categories?post=8335"},{"taxonomy":"post_tag","embeddable":true,"href":"https:\/\/www.rldatix.com\/se\/wp-json\/wp\/v2\/tags?post=8335"}],"curies":[{"name":"wp","href":"https:\/\/api.w.org\/{rel}","templated":true}]}}